{"id":10389,"date":"2024-06-15T00:01:04","date_gmt":"2024-06-14T22:01:04","guid":{"rendered":"http:\/\/www.editiondaslabor.de\/blog\/?p=10389"},"modified":"2022-12-31T15:32:42","modified_gmt":"2022-12-31T14:32:42","slug":"zwergin","status":"publish","type":"post","link":"http:\/\/www.editiondaslabor.de\/blog\/2024\/06\/15\/zwergin\/","title":{"rendered":"ZWERGIN"},"content":{"rendered":"<p>&nbsp;<\/p>\n<p>&nbsp;<\/p>\n<p style=\"text-align: center;\">\n<p style=\"text-align: center;\">als eine zwergin aus dem erdloch kam<\/p>\n<p style=\"text-align: center;\">in dem sie lebte von geburt an verborgen sch\u00f6n<\/p>\n<p style=\"text-align: center;\">\u00a0sah sie sich um mit dem verstand ihres blickes<\/p>\n<p style=\"text-align: center;\">\u00a0entdeckte sie einen mann verlockte sie ihn<\/p>\n<p style=\"text-align: center;\">\u00a0durch gesang lebten sie fortan zufrieden<\/p>\n<p style=\"text-align: center;\">\u00a0miteinander und hatten bald ein kind<\/p>\n<p style=\"text-align: center;\">\u00a0doch eines tages zeigte er ihr das loch<\/p>\n<p style=\"text-align: center;\">\u00a0aus dem sie stammte verschwand sie darin<\/p>\n<p style=\"text-align: center;\">\u00a0und floh zur\u00fcck in ihre bessere heimat<\/p>\n<p style=\"text-align: center;\">\u00a0um sich zu verj\u00fcngen jeden sonntagmorgen<\/p>\n<p style=\"text-align: center;\">\u00a0aber lag kleidung f\u00fcr das kind auf dem bett<\/p>\n<p style=\"text-align: center;\">im haus der mann jedoch blieb einsam<\/p>\n<p style=\"text-align: center;\">\n<p>&nbsp;<\/p>\n<p>&nbsp;<\/p>\n<p style=\"text-align: center;\">* * *<\/p>\n<p style=\"text-align: justify;\"><strong>Gedichte nach Sagen aus B\u00f6rde und Altmark<\/strong>, von Holger Benkel, 2024<\/p>\n<div id=\"attachment_100367\" style=\"width: 236px\" class=\"wp-caption alignleft\"><img loading=\"lazy\" decoding=\"async\" aria-describedby=\"caption-attachment-100367\" class=\"size-full wp-image-100367\" src=\"http:\/\/www.editiondaslabor.de\/blog\/wp-content\/uploads\/2022\/12\/Bru\u0308der-Grimm-e1645725260502.jpg\" alt=\"\" width=\"226\" height=\"300\" \/><p id=\"caption-attachment-100367\" class=\"wp-caption-text\">Wilhelm and Jacob Grimm, 1847; daguerreotype von Hermann Blow<\/p><\/div>\n<h5 style=\"text-align: justify;\"><strong>Weiterf\u00fchrend <\/strong>\u2192<\/h5>\n<p style=\"text-align: justify;\">Auf KUNO portr\u00e4tierte Holger Benkel die <a href=\"http:\/\/www.editiondaslabor.de\/blog\/?p=11282\">Br\u00fcder Grimm<\/a>.\u00a0Wir begreifen die Gattung des Essays auf KUNO als eine <a href=\"http:\/\/www.editiondaslabor.de\/blog\/2013\/12\/10\/zur-gattung-essay\/\">Versuchsanordnung<\/a>, undogmatisch, subjektiv, experimentell, ergebnisoffen. Was den <a href=\"http:\/\/www.editiondaslabor.de\/blog\/?p=21478\">Rezensionsessays<\/a> von Holger Benkel die \u00dcberzeugungskraft verleiht, ist die philosophische Anstrengung, denen er sein Material unterwirft.<\/p>\n<p style=\"text-align: justify;\">Holger Benkels <a href=\"http:\/\/www.editiondaslabor.de\/blog\/?p=10304\"><em>Gedanken, die um Ecken biegen<\/em><\/a> gehen weiter als der geschriebene Text; sie sind kein Ende, sondern ein Anfang. Sie versuchen, diesen kleinen Rest an Sprache etwas aufzuhellen, und wagen es seine R\u00e4nder verstehbar zu machen.<\/p>\n<p style=\"text-align: justify;\">Holger Benkel beweist als Lyriker in seinem Band <a href=\"http:\/\/www.editiondaslabor.de\/blog\/?p=29369\"><em>Seelenland<\/em><\/a> ein Gesp\u00fcr f\u00fcr das Unvertraute im Vertrauten, das Unheimliche des Allt\u00e4glichen, das Scheinhafte des Realen.<\/p>\n","protected":false},"excerpt":{"rendered":"<p>&nbsp; &nbsp; als eine zwergin aus dem erdloch kam in dem sie lebte von geburt an verborgen sch\u00f6n \u00a0sah sie sich um mit dem verstand ihres blickes \u00a0entdeckte sie einen mann verlockte sie ihn \u00a0durch gesang lebten sie fortan zufrieden&hellip;<\/p>\n<p class=\"more-link-p\"><a class=\"more-link\" href=\"http:\/\/www.editiondaslabor.de\/blog\/2024\/06\/15\/zwergin\/\">Read more &rarr;<\/a><\/p>\n","protected":false},"author":36,"featured_media":100367,"comment_status":"open","ping_status":"open","sticky":false,"template":"","format":"standard","meta":{"footnotes":""},"categories":[1],"tags":[94],"class_list":["post-10389","post","type-post","status-publish","format-standard","has-post-thumbnail","hentry","category-literatur","tag-holger-benkel"],"_links":{"self":[{"href":"http:\/\/www.editiondaslabor.de\/blog\/wp-json\/wp\/v2\/posts\/10389","targetHints":{"allow":["GET"]}}],"collection":[{"href":"http:\/\/www.editiondaslabor.de\/blog\/wp-json\/wp\/v2\/posts"}],"about":[{"href":"http:\/\/www.editiondaslabor.de\/blog\/wp-json\/wp\/v2\/types\/post"}],"author":[{"embeddable":true,"href":"http:\/\/www.editiondaslabor.de\/blog\/wp-json\/wp\/v2\/users\/36"}],"replies":[{"embeddable":true,"href":"http:\/\/www.editiondaslabor.de\/blog\/wp-json\/wp\/v2\/comments?post=10389"}],"version-history":[{"count":3,"href":"http:\/\/www.editiondaslabor.de\/blog\/wp-json\/wp\/v2\/posts\/10389\/revisions"}],"predecessor-version":[{"id":104405,"href":"http:\/\/www.editiondaslabor.de\/blog\/wp-json\/wp\/v2\/posts\/10389\/revisions\/104405"}],"wp:featuredmedia":[{"embeddable":true,"href":"http:\/\/www.editiondaslabor.de\/blog\/wp-json\/wp\/v2\/media\/100367"}],"wp:attachment":[{"href":"http:\/\/www.editiondaslabor.de\/blog\/wp-json\/wp\/v2\/media?parent=10389"}],"wp:term":[{"taxonomy":"category","embeddable":true,"href":"http:\/\/www.editiondaslabor.de\/blog\/wp-json\/wp\/v2\/categories?post=10389"},{"taxonomy":"post_tag","embeddable":true,"href":"http:\/\/www.editiondaslabor.de\/blog\/wp-json\/wp\/v2\/tags?post=10389"}],"curies":[{"name":"wp","href":"https:\/\/api.w.org\/{rel}","templated":true}]}}