{"id":103846,"date":"2022-07-13T06:15:54","date_gmt":"2022-07-13T04:15:54","guid":{"rendered":"http:\/\/www.editiondaslabor.de\/blog\/?p=103846"},"modified":"2022-07-18T06:18:46","modified_gmt":"2022-07-18T04:18:46","slug":"notiz-letzte-woche","status":"publish","type":"post","link":"http:\/\/www.editiondaslabor.de\/blog\/2022\/07\/13\/notiz-letzte-woche\/","title":{"rendered":"Notiz letzte Woche"},"content":{"rendered":"<p>&nbsp;<\/p>\n<p>Gewalt geh\u00f6rt nun mal<\/p>\n<p>zum Weltgeschehen dazu,<\/p>\n<p>will man mehr als die Butter aufs Brot,<\/p>\n<p>sagte Sophie.<\/p>\n<p>Wenn ich denen sage<\/p>\n<p>lasst die Waffen in Ruh,<\/p>\n<p>nennt man mich<\/p>\n<p>M\u00f6rderin. Denen ist Feind<\/p>\n<p>oder Nichtfeind egal, die sind<\/p>\n<p>nur mit Zahlen verbunden,<\/p>\n<p>sagte Sophie, meine Nachbarin.<\/p>\n<p>&nbsp;<\/p>\n<p><em>Meine Mutter hat ab 42 die Bunker gemieden.<\/em><\/p>\n<p>Nicht l\u00e4nger wollte sie da<\/p>\n<p>als Tr\u00fcmmertote und M\u00f6rderin enden:<\/p>\n<p>ihr Kind zu lange ans Angstherz gepresst und erstickt.<\/p>\n<p><em>Die Mutter hat mich im Dunkeln<\/em><\/p>\n<p><em>auf den Rosenh\u00fcgel im Garten geschoben,<\/em><\/p>\n<p>ein gebl\u00fcmtes Tuch um den kahlen Sch\u00e4del<\/p>\n<p>gebunden<em> und sich neben mich<\/em><\/p>\n<p><em>auf den Boden gelegt.<\/em><\/p>\n<p><em>Manchmal sang sie ganz leise ein Lied.<\/em><\/p>\n<p><em>Sie war da.<\/em><\/p>\n<p>&nbsp;<\/p>\n<p>Ein paar Bomben jagten als monstr\u00f6se<\/p>\n<p>Sternschnuppen \u00fcber uns hinweg.<\/p>\n<p><em>Wusste ich das? Ich wei\u00df es nicht.<\/em><\/p>\n<p><em>\u00a0<\/em><\/p>\n<p>Lebenslang blieb ihr Herzschlag<\/p>\n<p>mein Paniksignal.<\/p>\n<p>Wenn Lichtblicke sie anfliegen.<\/p>\n<p>rechnet Sophies Ged\u00e4chtnis<\/p>\n<p>mit anschwellender Detonation,<\/p>\n<p>die jede Zelle sprengt.<\/p>\n<p><em>\u00a0<\/em><\/p>\n<p><em>Sieben Jahre lang habe ich meine Mutter<\/em><\/p>\n<p><em>Zwischen Bett und Bad <\/em><\/p>\n<p><em>hin und her getragen,<\/em><\/p>\n<p><em>sieben Jahre lang <\/em><\/p>\n<p><em>das gebl\u00fcmte Tuch unters Kinn gebunden<\/em><\/p>\n<p><em>bis zum letzten Tag<\/em>.<\/p>\n<p>&nbsp;<\/p>\n<p>Bevor sie ihr Ged\u00e4chtnis verlor,<\/p>\n<p>sprach sie von dem kleinen H\u00fcgel.<\/p>\n<p><em>Sch\u00f6n war es,<\/em><\/p>\n<p><em>sagte meine Mutter, <\/em><\/p>\n<p><em>aber doch viel zu kurz,<\/em><\/p>\n<p><em>unsere K\u00f6rper, <\/em><\/p>\n<p><em>so nah. Aber du bleibst da. <\/em><\/p>\n<p>&nbsp;<\/p>\n<p>Jede Sternschnuppe ein Todesbote,<\/p>\n<p>sagt Sophie.<\/p>\n<p>&nbsp;<\/p>\n<p>&nbsp;<\/p>\n<p>&nbsp;<\/p>\n<p><strong><img loading=\"lazy\" decoding=\"async\" class=\"size-medium wp-image-103847 alignleft\" src=\"http:\/\/www.editiondaslabor.de\/blog\/wp-content\/uploads\/2022\/07\/Kriegsgewinn-sucht-Lu\u0308ge-218x300.jpg\" alt=\"\" width=\"218\" height=\"300\" \/>Weiterf\u00fchrend\u00a0\u2192\u00a0<\/strong><\/p>\n<p style=\"text-align: justify;\">Lesen Sie auch das <a href=\"http:\/\/www.editiondaslabor.de\/blog\/?p=36409\">Kollegengespr\u00e4ch<\/a>, das A.J. Weigoni mit Angelika Janz \u00fcber den Zyklus <em>fern, fern<\/em> gef\u00fchrt hat. Vertiefend ein <a href=\"http:\/\/www.editiondaslabor.de\/blog\/?p=22835\">Portr\u00e4t <\/a>\u00fcber ihre interdisziplin\u00e4re T\u00e4tigkeit, sowie einen <a href=\"http:\/\/www.editiondaslabor.de\/blog\/?p=29450\">Essay<\/a> der <em>Fragmenttexterin<\/em>. Ebenfalls im KUNO-Archiv: Jan Kuhlbrodt mit einer <a href=\"http:\/\/www.editiondaslabor.de\/blog\/2012\/11\/05\/asthetische-prothetik\/\">Ann\u00e4herung<\/a> an die visuellen Arbeiten von Angelika Janz. Und nicht zuletzt, Michael Gratz \u00fcber Angelika Janz\u2018<a href=\"http:\/\/www.editiondaslabor.de\/blog\/2012\/11\/05\/freiraum\/\"> tEXt bILd<\/a><\/p>\n","protected":false},"excerpt":{"rendered":"<p>&nbsp; Gewalt geh\u00f6rt nun mal zum Weltgeschehen dazu, will man mehr als die Butter aufs Brot, sagte Sophie. Wenn ich denen sage lasst die Waffen in Ruh, nennt man mich M\u00f6rderin. Denen ist Feind oder Nichtfeind egal, die sind nur&hellip;<\/p>\n<p class=\"more-link-p\"><a class=\"more-link\" href=\"http:\/\/www.editiondaslabor.de\/blog\/2022\/07\/13\/notiz-letzte-woche\/\">Read more &rarr;<\/a><\/p>\n","protected":false},"author":53,"featured_media":103847,"comment_status":"closed","ping_status":"closed","sticky":false,"template":"","format":"standard","meta":{"footnotes":""},"categories":[1],"tags":[918],"class_list":["post-103846","post","type-post","status-publish","format-standard","has-post-thumbnail","hentry","category-literatur","tag-angelika-janz"],"_links":{"self":[{"href":"http:\/\/www.editiondaslabor.de\/blog\/wp-json\/wp\/v2\/posts\/103846","targetHints":{"allow":["GET"]}}],"collection":[{"href":"http:\/\/www.editiondaslabor.de\/blog\/wp-json\/wp\/v2\/posts"}],"about":[{"href":"http:\/\/www.editiondaslabor.de\/blog\/wp-json\/wp\/v2\/types\/post"}],"author":[{"embeddable":true,"href":"http:\/\/www.editiondaslabor.de\/blog\/wp-json\/wp\/v2\/users\/53"}],"replies":[{"embeddable":true,"href":"http:\/\/www.editiondaslabor.de\/blog\/wp-json\/wp\/v2\/comments?post=103846"}],"version-history":[{"count":3,"href":"http:\/\/www.editiondaslabor.de\/blog\/wp-json\/wp\/v2\/posts\/103846\/revisions"}],"predecessor-version":[{"id":103850,"href":"http:\/\/www.editiondaslabor.de\/blog\/wp-json\/wp\/v2\/posts\/103846\/revisions\/103850"}],"wp:featuredmedia":[{"embeddable":true,"href":"http:\/\/www.editiondaslabor.de\/blog\/wp-json\/wp\/v2\/media\/103847"}],"wp:attachment":[{"href":"http:\/\/www.editiondaslabor.de\/blog\/wp-json\/wp\/v2\/media?parent=103846"}],"wp:term":[{"taxonomy":"category","embeddable":true,"href":"http:\/\/www.editiondaslabor.de\/blog\/wp-json\/wp\/v2\/categories?post=103846"},{"taxonomy":"post_tag","embeddable":true,"href":"http:\/\/www.editiondaslabor.de\/blog\/wp-json\/wp\/v2\/tags?post=103846"}],"curies":[{"name":"wp","href":"https:\/\/api.w.org\/{rel}","templated":true}]}}