{"id":10379,"date":"2010-11-02T00:01:22","date_gmt":"2010-11-01T23:01:22","guid":{"rendered":"http:\/\/www.editiondaslabor.de\/blog\/?p=10379"},"modified":"2021-10-25T14:27:01","modified_gmt":"2021-10-25T12:27:01","slug":"abgeschabt","status":"publish","type":"post","link":"http:\/\/www.editiondaslabor.de\/blog\/2010\/11\/02\/abgeschabt\/","title":{"rendered":"ABGESCHABT"},"content":{"rendered":"<p>&nbsp;<\/p>\n<p align=\"center\">rei\u00dfen tapeten in speichern und k\u00fcchen<\/p>\n<p align=\"center\">komm ich aus zerfallenem papierger\u00f6ll im kopf<\/p>\n<p align=\"center\">such ich brot und fleisch stieben tropfen wie funken<\/p>\n<p align=\"center\">unterm dampf der kessel seh ich schwarz flieh ich<\/p>\n<p align=\"center\">in zerstrahltem staub sch\u00fctzt mich mein skelett<\/p>\n<p align=\"center\">auf der haut ersch\u00fcttert mich jedes vibrieren<\/p>\n<p align=\"center\">leb ich verborgen weiter vertilg das morsche<\/p>\n<p align=\"center\">geschlecht verwandle die abgeschabte stelle<\/p>\n<p align=\"center\">am gewand in larven aber nicht die toten darin<\/p>\n<p align=\"center\">halt f\u00fcr menschen keinen samen unterm scheffel<\/p>\n<p align=\"center\">verrufen waren meine f\u00fchler dem gebot des rechts<\/p>\n<p style=\"text-align: center;\">konnte ich nur schaden deshalb \u00fcberlebe ich<\/p>\n<p>&nbsp;<\/p>\n<p>&nbsp;<\/p>\n<p style=\"text-align: center;\">***<\/p>\n<p style=\"text-align: justify;\">Aus:\u00a0<strong>mei\u00dfelbrut<\/strong>.\u00a0<em>Gedichte<\/em>, mit siebzehn Holzschnitten von Sabine Kunz und einem Nachwort von Volker Drube, Dr. Ziethen Verlag, Oschersleben 2009.<\/p>\n<p style=\"text-align: justify;\"><img loading=\"lazy\" decoding=\"async\" class=\"alignleft size-full wp-image-13370\" src=\"http:\/\/www.editiondaslabor.de\/blog\/wp-content\/uploads\/2013\/12\/mei\u00dfelbrut.jpg\" alt=\"\" width=\"313\" height=\"400\" srcset=\"http:\/\/www.editiondaslabor.de\/blog\/wp-content\/uploads\/2013\/12\/mei\u00dfelbrut.jpg 313w, http:\/\/www.editiondaslabor.de\/blog\/wp-content\/uploads\/2013\/12\/mei\u00dfelbrut-234x300.jpg 234w\" sizes=\"auto, (max-width: 313px) 100vw, 313px\" \/><\/p>\n<p style=\"text-align: justify;\"><b>Weiterf\u00fchrend <\/b><b>\u2192<\/b><\/p>\n<p style=\"text-align: justify;\">In einem <a href=\"http:\/\/www.editiondaslabor.de\/blog\/?p=29373\">Kollegengespr\u00e4ch<\/a> ergr\u00fcndeln Holger Benkel und A.J. Weigoni das Wesen der Poesie &#8211; und ihr allm\u00e4hliches Verschwinden. Das erste Kollegengespr\u00e4ch zwischen Holger Benkel und Weigoni finden Sie <a href=\"http:\/\/www.editiondaslabor.de\/blog\/?p=29373\">hier<\/a>.<\/p>\n<p style=\"text-align: justify;\"><strong>kindheit und kadaver<\/strong>, Gedichte von Holger Benkel, mit Radierungen von Jens Eigner. Verlag Blaue \u00c4pfel, Magdeburg 1995. Eine Rezension des ersten Gedichtbandes von Holger Benkel finden Sie<a href=\"http:\/\/www.editiondaslabor.de\/blog\/?p=6898\"> hier<\/a>.<\/p>\n<p style=\"text-align: justify;\"><strong>mei\u00dfelbrut<\/strong>,\u00a0Gedichte von Holger Benkel, mit siebzehn Holzschnitten von Sabine Kunz und einem Nachwort von Volker Drube, Dr. Ziethen Verlag, Oschersleben 2009. Eine Rezension finden Sie <a href=\"http:\/\/www.editiondaslabor.de\/blog\/?p=12769\">hier<\/a>.<\/p>\n<p style=\"text-align: justify;\"><strong>Gedanken, die um Ecken biegen<\/strong>, Aphorismen von Holger Benkel, <a href=\"http:\/\/www.editiondaslabor.de\/\">Edition Das Labor<\/a>, M\u00fclheim 2013<\/p>\n<p style=\"text-align: justify;\"><b>Essays<\/b> von Holger Benkel, Edition Das Labor 2014 \u2013 Einen Hinweis auf die in der Edition Das Labor erschienen Essays finden Sie <a href=\"http:\/\/www.editiondaslabor.de\/blog\/?p=21478\">hier<\/a>.\u00a0Auf KUNO portr\u00e4tierte Holger Benkel die <a href=\"http:\/\/www.editiondaslabor.de\/blog\/?p=11282\">Br\u00fcder Grimm<\/a>, <a href=\"http:\/\/www.editiondaslabor.de\/blog\/?p=6837\">Ulrich Bergmann<\/a>, <a href=\"http:\/\/www.editiondaslabor.de\/blog\/?p=11284\">A.J. Weigoni<\/a>, <a href=\"http:\/\/www.editiondaslabor.de\/blog\/?p=11279\">Uwe Albert<\/a>, <a href=\"http:\/\/www.editiondaslabor.de\/blog\/?p=15175\">Andr\u00e9 Schinkel<\/a>, <a href=\"http:\/\/www.editiondaslabor.de\/blog\/?p=15177\">Birgitt Lieberwirth<\/a> und <a href=\"http:\/\/www.editiondaslabor.de\/blog\/?p=15179\">Sabine Kunz<\/a>.<\/p>\n<p>&nbsp;<\/p>\n","protected":false},"excerpt":{"rendered":"<p>&nbsp; rei\u00dfen tapeten in speichern und k\u00fcchen komm ich aus zerfallenem papierger\u00f6ll im kopf such ich brot und fleisch stieben tropfen wie funken unterm dampf der kessel seh ich schwarz flieh ich in zerstrahltem staub sch\u00fctzt mich mein skelett auf&hellip;<\/p>\n<p class=\"more-link-p\"><a class=\"more-link\" href=\"http:\/\/www.editiondaslabor.de\/blog\/2010\/11\/02\/abgeschabt\/\">Read more &rarr;<\/a><\/p>\n","protected":false},"author":36,"featured_media":13370,"comment_status":"open","ping_status":"open","sticky":false,"template":"","format":"standard","meta":{"footnotes":""},"categories":[1],"tags":[94],"class_list":["post-10379","post","type-post","status-publish","format-standard","has-post-thumbnail","hentry","category-literatur","tag-holger-benkel"],"_links":{"self":[{"href":"http:\/\/www.editiondaslabor.de\/blog\/wp-json\/wp\/v2\/posts\/10379","targetHints":{"allow":["GET"]}}],"collection":[{"href":"http:\/\/www.editiondaslabor.de\/blog\/wp-json\/wp\/v2\/posts"}],"about":[{"href":"http:\/\/www.editiondaslabor.de\/blog\/wp-json\/wp\/v2\/types\/post"}],"author":[{"embeddable":true,"href":"http:\/\/www.editiondaslabor.de\/blog\/wp-json\/wp\/v2\/users\/36"}],"replies":[{"embeddable":true,"href":"http:\/\/www.editiondaslabor.de\/blog\/wp-json\/wp\/v2\/comments?post=10379"}],"version-history":[{"count":0,"href":"http:\/\/www.editiondaslabor.de\/blog\/wp-json\/wp\/v2\/posts\/10379\/revisions"}],"wp:featuredmedia":[{"embeddable":true,"href":"http:\/\/www.editiondaslabor.de\/blog\/wp-json\/"}],"wp:attachment":[{"href":"http:\/\/www.editiondaslabor.de\/blog\/wp-json\/wp\/v2\/media?parent=10379"}],"wp:term":[{"taxonomy":"category","embeddable":true,"href":"http:\/\/www.editiondaslabor.de\/blog\/wp-json\/wp\/v2\/categories?post=10379"},{"taxonomy":"post_tag","embeddable":true,"href":"http:\/\/www.editiondaslabor.de\/blog\/wp-json\/wp\/v2\/tags?post=10379"}],"curies":[{"name":"wp","href":"https:\/\/api.w.org\/{rel}","templated":true}]}}