{"id":10375,"date":"2024-04-08T00:01:01","date_gmt":"2024-04-07T22:01:01","guid":{"rendered":"http:\/\/www.editiondaslabor.de\/blog\/?p=10375"},"modified":"2022-12-31T15:11:19","modified_gmt":"2022-12-31T14:11:19","slug":"dreschen","status":"publish","type":"post","link":"http:\/\/www.editiondaslabor.de\/blog\/2024\/04\/08\/dreschen\/","title":{"rendered":"DRESCHEN"},"content":{"rendered":"<p>&nbsp;<\/p>\n<p style=\"text-align: center;\">\n<p style=\"text-align: center;\">schlugen bauern ohne ochsen m\u00fchevoll<\/p>\n<p style=\"text-align: center;\">\u00a0mit dreschflegeln das korn aus den \u00e4hren<\/p>\n<p style=\"text-align: center;\">von sonnenaufgang bis sonnenuntergang<\/p>\n<p style=\"text-align: center;\">\u00a0gingen sie erst unter gesch\u00e4lter mondfrucht<\/p>\n<p style=\"text-align: center;\">\u00a0nach haus h\u00f6rten sie um mitternacht immer noch<\/p>\n<p style=\"text-align: center;\">\u00a0ein klopfen aus der richtung der tenne liefen sie<\/p>\n<p style=\"text-align: center;\">\u00a0dorthin zur\u00fcck und n\u00e4herten sich vorsichtig<\/p>\n<p style=\"text-align: center;\">sahen sie geister im dunkel bei ihrer arbeit<\/p>\n<p style=\"text-align: center;\">nahmen sie ihre k\u00f6pfe ab und warfen nach ihnen<\/p>\n<p style=\"text-align: center;\">\n<p>&nbsp;<\/p>\n<p>&nbsp;<\/p>\n<p>&nbsp;<\/p>\n<p>&nbsp;<\/p>\n<p style=\"text-align: center;\">* * *<\/p>\n<p style=\"text-align: justify;\"><strong>Gedichte nach Sagen aus B\u00f6rde und Altmark<\/strong>, von Holger Benkel, 2024<\/p>\n<div id=\"attachment_100367\" style=\"width: 236px\" class=\"wp-caption alignleft\"><img loading=\"lazy\" decoding=\"async\" aria-describedby=\"caption-attachment-100367\" class=\"size-full wp-image-100367\" src=\"http:\/\/www.editiondaslabor.de\/blog\/wp-content\/uploads\/2022\/12\/Bru\u0308der-Grimm-e1645725260502.jpg\" alt=\"\" width=\"226\" height=\"300\" \/><p id=\"caption-attachment-100367\" class=\"wp-caption-text\">Wilhelm and Jacob Grimm, 1847; daguerreotype von Hermann Blow<\/p><\/div>\n<h5 style=\"text-align: justify;\"><strong>Weiterf\u00fchrend <\/strong>\u2192<\/h5>\n<p style=\"text-align: justify;\">Auf KUNO portr\u00e4tierte Holger Benkel die <a href=\"http:\/\/www.editiondaslabor.de\/blog\/?p=11282\">Br\u00fcder Grimm<\/a>.\u00a0Wir begreifen die Gattung des Essays auf KUNO als eine <a href=\"http:\/\/www.editiondaslabor.de\/blog\/2013\/12\/10\/zur-gattung-essay\/\">Versuchsanordnung<\/a>, undogmatisch, subjektiv, experimentell, ergebnisoffen. Was den <a href=\"http:\/\/www.editiondaslabor.de\/blog\/?p=21478\">Rezensionsessays<\/a> von Holger Benkel die \u00dcberzeugungskraft verleiht, ist die philosophische Anstrengung, denen er sein Material unterwirft.<\/p>\n<p style=\"text-align: justify;\">Holger Benkels <a href=\"http:\/\/www.editiondaslabor.de\/blog\/?p=10304\"><em>Gedanken, die um Ecken biegen<\/em><\/a> gehen weiter als der geschriebene Text; sie sind kein Ende, sondern ein Anfang. Sie versuchen, diesen kleinen Rest an Sprache etwas aufzuhellen, und wagen es seine R\u00e4nder verstehbar zu machen.<\/p>\n<p style=\"text-align: justify;\">Holger Benkel beweist als Lyriker in seinem Band <a href=\"http:\/\/www.editiondaslabor.de\/blog\/?p=29369\"><em>Seelenland<\/em><\/a> ein Gesp\u00fcr f\u00fcr das Unvertraute im Vertrauten, das Unheimliche des Allt\u00e4glichen, das Scheinhafte des Realen.<\/p>\n","protected":false},"excerpt":{"rendered":"<p>&nbsp; schlugen bauern ohne ochsen m\u00fchevoll \u00a0mit dreschflegeln das korn aus den \u00e4hren von sonnenaufgang bis sonnenuntergang \u00a0gingen sie erst unter gesch\u00e4lter mondfrucht \u00a0nach haus h\u00f6rten sie um mitternacht immer noch \u00a0ein klopfen aus der richtung der tenne liefen sie&hellip;<\/p>\n<p class=\"more-link-p\"><a class=\"more-link\" href=\"http:\/\/www.editiondaslabor.de\/blog\/2024\/04\/08\/dreschen\/\">Read more &rarr;<\/a><\/p>\n","protected":false},"author":36,"featured_media":100367,"comment_status":"open","ping_status":"open","sticky":false,"template":"","format":"standard","meta":{"footnotes":""},"categories":[1],"tags":[94],"class_list":["post-10375","post","type-post","status-publish","format-standard","has-post-thumbnail","hentry","category-literatur","tag-holger-benkel"],"_links":{"self":[{"href":"http:\/\/www.editiondaslabor.de\/blog\/wp-json\/wp\/v2\/posts\/10375","targetHints":{"allow":["GET"]}}],"collection":[{"href":"http:\/\/www.editiondaslabor.de\/blog\/wp-json\/wp\/v2\/posts"}],"about":[{"href":"http:\/\/www.editiondaslabor.de\/blog\/wp-json\/wp\/v2\/types\/post"}],"author":[{"embeddable":true,"href":"http:\/\/www.editiondaslabor.de\/blog\/wp-json\/wp\/v2\/users\/36"}],"replies":[{"embeddable":true,"href":"http:\/\/www.editiondaslabor.de\/blog\/wp-json\/wp\/v2\/comments?post=10375"}],"version-history":[{"count":3,"href":"http:\/\/www.editiondaslabor.de\/blog\/wp-json\/wp\/v2\/posts\/10375\/revisions"}],"predecessor-version":[{"id":104396,"href":"http:\/\/www.editiondaslabor.de\/blog\/wp-json\/wp\/v2\/posts\/10375\/revisions\/104396"}],"wp:featuredmedia":[{"embeddable":true,"href":"http:\/\/www.editiondaslabor.de\/blog\/wp-json\/wp\/v2\/media\/100367"}],"wp:attachment":[{"href":"http:\/\/www.editiondaslabor.de\/blog\/wp-json\/wp\/v2\/media?parent=10375"}],"wp:term":[{"taxonomy":"category","embeddable":true,"href":"http:\/\/www.editiondaslabor.de\/blog\/wp-json\/wp\/v2\/categories?post=10375"},{"taxonomy":"post_tag","embeddable":true,"href":"http:\/\/www.editiondaslabor.de\/blog\/wp-json\/wp\/v2\/tags?post=10375"}],"curies":[{"name":"wp","href":"https:\/\/api.w.org\/{rel}","templated":true}]}}