{"id":10363,"date":"1995-06-08T00:01:13","date_gmt":"1995-06-07T22:01:13","guid":{"rendered":"http:\/\/www.editiondaslabor.de\/blog\/?p=10363"},"modified":"2022-05-15T14:51:07","modified_gmt":"2022-05-15T12:51:07","slug":"strasenbild","status":"publish","type":"post","link":"http:\/\/www.editiondaslabor.de\/blog\/1995\/06\/08\/strasenbild\/","title":{"rendered":"STRA\u00dfENBILD"},"content":{"rendered":"<p>&nbsp;<\/p>\n<p align=\"center\">buchstabenverzerrt die gesichter<\/p>\n<p align=\"center\">durch asche gegangen fallen die k\u00f6pfe<\/p>\n<p align=\"center\">der wei\u00dfen statuen herab<\/p>\n<p align=\"center\">im gelbbewimperten tag<\/p>\n<p align=\"center\">tr\u00e4ufeln aus konvexen fingern<\/p>\n<p align=\"center\">tropfen wein hervor unter n\u00e4geln<\/p>\n<p align=\"center\">die sich l\u00f6sen schorfen gleich<\/p>\n<p align=\"center\">\u00fcberm zwielicht des blutes<\/p>\n<p align=\"center\">ein abziehbild unterm wasser<\/p>\n<p align=\"center\">der blaue sch\u00e4del dahinter<\/p>\n<p align=\"center\">die augen ein lichtfels<\/p>\n<p style=\"text-align: center;\">die lippen der verwundete stein<\/p>\n<p>&nbsp;<\/p>\n<p>&nbsp;<\/p>\n<p style=\"text-align: center;\">***<\/p>\n<p style=\"text-align: left;\">Aus: Holger Benkel:\u00a0<strong>kindheit und kadaver<\/strong>.\u00a0<a href=\"http:\/\/www.editiondaslabor.de\/blog\/?p=6898\">Mehr zum Buch\u00a0<\/a>auf KUNO.<\/p>\n<p style=\"text-align: justify;\"><img loading=\"lazy\" decoding=\"async\" class=\"alignleft size-full wp-image-98901\" src=\"http:\/\/www.editiondaslabor.de\/blog\/wp-content\/uploads\/2025\/12\/Kindheit-und-Kadaver-Cover.jpg\" alt=\"\" width=\"140\" height=\"221\" \/><\/p>\n<p style=\"text-align: justify;\"><b>Weiterf\u00fchrend <\/b><b>\u2192<\/b><\/p>\n<p style=\"text-align: justify;\">In einem <a href=\"http:\/\/www.editiondaslabor.de\/blog\/?p=29373\">Kollegengespr\u00e4ch<\/a> ergr\u00fcndeln Holger Benkel und A.J. Weigoni das Wesen der Poesie &#8211; und ihr allm\u00e4hliches Verschwinden. Das erste Kollegengespr\u00e4ch zwischen Holger Benkel und Weigoni finden Sie <a href=\"http:\/\/www.editiondaslabor.de\/blog\/?p=29373\">hier<\/a>.<\/p>\n<p style=\"text-align: justify;\"><strong>kindheit und kadaver<\/strong>, Gedichte von Holger Benkel, mit Radierungen von Jens Eigner. Verlag Blaue \u00c4pfel, Magdeburg 1995. Eine Rezension des ersten Gedichtbandes von Holger Benkel finden Sie<a href=\"http:\/\/www.editiondaslabor.de\/blog\/?p=6898\"> hier<\/a>.<\/p>\n<p style=\"text-align: justify;\"><strong>mei\u00dfelbrut<\/strong>,\u00a0Gedichte von Holger Benkel, mit siebzehn Holzschnitten von Sabine Kunz und einem Nachwort von Volker Drube, Dr. Ziethen Verlag, Oschersleben 2009. Eine Rezension finden Sie <a href=\"http:\/\/www.editiondaslabor.de\/blog\/?p=12769\">hier<\/a>.<\/p>\n<p style=\"text-align: justify;\"><strong>Gedanken, die um Ecken biegen<\/strong>, Aphorismen von Holger Benkel, <a href=\"http:\/\/www.editiondaslabor.de\/\">Edition Das Labor<\/a>, M\u00fclheim 2013<\/p>\n<p style=\"text-align: justify;\"><b>Essays<\/b> von Holger Benkel, Edition Das Labor 2014 \u2013 Einen Hinweis auf die in der Edition Das Labor erschienen Essays finden Sie <a href=\"http:\/\/www.editiondaslabor.de\/blog\/?p=21478\">hier<\/a>.\u00a0Auf KUNO portr\u00e4tierte Holger Benkel die <a href=\"http:\/\/www.editiondaslabor.de\/blog\/?p=11282\">Br\u00fcder Grimm<\/a>, <a href=\"http:\/\/www.editiondaslabor.de\/blog\/?p=6837\">Ulrich Bergmann<\/a>, <a href=\"http:\/\/www.editiondaslabor.de\/blog\/?p=11284\">A.J. Weigoni<\/a>, <a href=\"http:\/\/www.editiondaslabor.de\/blog\/?p=11279\">Uwe Albert<\/a>, <a href=\"http:\/\/www.editiondaslabor.de\/blog\/?p=15175\">Andr\u00e9 Schinkel<\/a>, <a href=\"http:\/\/www.editiondaslabor.de\/blog\/?p=15177\">Birgitt Lieberwirth<\/a> und <a href=\"http:\/\/www.editiondaslabor.de\/blog\/?p=15179\">Sabine Kunz<\/a>.<\/p>\n","protected":false},"excerpt":{"rendered":"<p>&nbsp; buchstabenverzerrt die gesichter durch asche gegangen fallen die k\u00f6pfe der wei\u00dfen statuen herab im gelbbewimperten tag tr\u00e4ufeln aus konvexen fingern tropfen wein hervor unter n\u00e4geln die sich l\u00f6sen schorfen gleich \u00fcberm zwielicht des blutes ein abziehbild unterm wasser der&hellip;<\/p>\n<p class=\"more-link-p\"><a class=\"more-link\" href=\"http:\/\/www.editiondaslabor.de\/blog\/1995\/06\/08\/strasenbild\/\">Read more &rarr;<\/a><\/p>\n","protected":false},"author":36,"featured_media":98901,"comment_status":"open","ping_status":"open","sticky":false,"template":"","format":"standard","meta":{"footnotes":""},"categories":[1],"tags":[94],"class_list":["post-10363","post","type-post","status-publish","format-standard","has-post-thumbnail","hentry","category-literatur","tag-holger-benkel"],"_links":{"self":[{"href":"http:\/\/www.editiondaslabor.de\/blog\/wp-json\/wp\/v2\/posts\/10363","targetHints":{"allow":["GET"]}}],"collection":[{"href":"http:\/\/www.editiondaslabor.de\/blog\/wp-json\/wp\/v2\/posts"}],"about":[{"href":"http:\/\/www.editiondaslabor.de\/blog\/wp-json\/wp\/v2\/types\/post"}],"author":[{"embeddable":true,"href":"http:\/\/www.editiondaslabor.de\/blog\/wp-json\/wp\/v2\/users\/36"}],"replies":[{"embeddable":true,"href":"http:\/\/www.editiondaslabor.de\/blog\/wp-json\/wp\/v2\/comments?post=10363"}],"version-history":[{"count":3,"href":"http:\/\/www.editiondaslabor.de\/blog\/wp-json\/wp\/v2\/posts\/10363\/revisions"}],"predecessor-version":[{"id":103058,"href":"http:\/\/www.editiondaslabor.de\/blog\/wp-json\/wp\/v2\/posts\/10363\/revisions\/103058"}],"wp:featuredmedia":[{"embeddable":true,"href":"http:\/\/www.editiondaslabor.de\/blog\/wp-json\/wp\/v2\/media\/98901"}],"wp:attachment":[{"href":"http:\/\/www.editiondaslabor.de\/blog\/wp-json\/wp\/v2\/media?parent=10363"}],"wp:term":[{"taxonomy":"category","embeddable":true,"href":"http:\/\/www.editiondaslabor.de\/blog\/wp-json\/wp\/v2\/categories?post=10363"},{"taxonomy":"post_tag","embeddable":true,"href":"http:\/\/www.editiondaslabor.de\/blog\/wp-json\/wp\/v2\/tags?post=10363"}],"curies":[{"name":"wp","href":"https:\/\/api.w.org\/{rel}","templated":true}]}}