{"id":103319,"date":"2003-12-10T08:41:25","date_gmt":"2003-12-10T07:41:25","guid":{"rendered":"http:\/\/www.editiondaslabor.de\/blog\/?p=103319"},"modified":"2022-05-30T09:04:54","modified_gmt":"2022-05-30T07:04:54","slug":"die-uraeus-handpresse-aus-halle","status":"publish","type":"post","link":"http:\/\/www.editiondaslabor.de\/blog\/2003\/12\/10\/die-uraeus-handpresse-aus-halle\/","title":{"rendered":"Die ur\u00e4us-Handpresse aus Halle"},"content":{"rendered":"<p style=\"text-align: right;\"><span style=\"color: #999999;\">Mit dem K\u00e4mpferischen im Autor, der auch Verleger und Buchdrucker ist, korrespondiert der Name seiner <em>ur\u00e4us-Handpresse<\/em>. Die alt\u00e4gyptische Ur\u00e4us-Schlange gilt als \u00e4usserst wehrhaftes Wesen. Und das Wort Ur\u00e4us wird \u00fcbersetzt mit: die sich Aufb\u00e4umende.<\/span><\/p>\n<p style=\"text-align: right;\"><span style=\"color: #999999;\">Holger Benkel<\/span><\/p>\n<p style=\"text-align: justify;\"><span data-offset-key=\"7mk8t-0-0\">W<\/span>eit davon entfernt als Preussischer Ikarus abzust\u00fcrzen verf\u00fcgt Hans Ulrich Prautzsch \u00fcber eine abgehangene L\u00e4ssigkeit im Bluesschema. Man mag ihn sich vorstellen, wie er zur blauen Stunde in Caf\u00e9s und Kneipen sitzt und sich Situationen f\u00fcr sp\u00e4tere Notizen vormerkt. Ges\u00e4ttigt vom Leben kommen diese Gedichte daher. Der Leser begibt sich mit diesen Gedichten an Orte, die von der so genannten Pop-Lyrik nicht aufgesucht wird.<\/p>\n<div id=\"attachment_10480\" style=\"width: 310px\" class=\"wp-caption alignright\"><a href=\"http:\/\/www.editiondaslabor.de\/blog\/wp-content\/uploads\/2013\/02\/Unbehaust2.jpg\"><img loading=\"lazy\" decoding=\"async\" aria-describedby=\"caption-attachment-10480\" class=\"wp-image-10480 size-medium\" title=\"Unbehaust2\" src=\"http:\/\/www.editiondaslabor.de\/blog\/wp-content\/uploads\/2013\/02\/Unbehaust2-300x211.jpg\" alt=\"\" width=\"300\" height=\"211\" srcset=\"http:\/\/www.editiondaslabor.de\/blog\/wp-content\/uploads\/2013\/02\/Unbehaust2-300x211.jpg 300w, http:\/\/www.editiondaslabor.de\/blog\/wp-content\/uploads\/2013\/02\/Unbehaust2.jpg 560w\" sizes=\"auto, (max-width: 300px) 100vw, 300px\" \/><\/a><p id=\"caption-attachment-10480\" class=\"wp-caption-text\">Holzschnitt: Haimo Hieronymus<\/p><\/div>\n<p style=\"text-align: justify;\">Neben den lyrischen Ver\u00f6ffentlichungen stellte Hans-Ulrich Prautzsch seit 1991 im j\u00e4hrlichem Rhythmus Almanache zusammen. Das Thema des Almanachs gab jeweils der Verleger vor, Bedingung an die mitwirkenden K\u00fcnstler war nur, das Format DIN A4 einzuhalten, das Kunstwerk sollte zwischen zwei Buchdeckel passen, und es sollten je K\u00fcnstler 100 Exemplare seiner jeweiligen Interpretation vorliegen. So entstanden zwischen 1991 und 1999 insgesamt elf Almanache. Der Seitenumfang lag zwischen zw\u00f6lf rund 76 Seiten. Die verschiedenen Titel waren beispielsweise: Mozart (1991), Kolumbus (1992), H\u00f6lderlin (1993), Novalis (1995), Westdeutscher Zyklus (1996), Heine (1997), Brecht (1998), und Goethe (1999). Bis Oktober 1995 arbeitete Hans-Ulrich Prautzsch in Halle-W\u00f6rnitz, f\u00fcr eine geringe Miete hatte er sich dort eine eigene Werkstatt in einem Rittersgutshaus eingerichtet. Dort setzte, druckte, schnitt und vertrieb er seine B\u00fccher. Auch seine Ausstellungen fanden dort statt. Bis zu diesem Zeitpunkt lag die Raummiete in einem f\u00fcr ihn erschwinglichem Rahmen. Nach einem Eigentumswechsel sollte auch die Miete von H.-U. Prautzsch in f\u00fcr ihn nicht bezahlbare H\u00f6hen steigen.<\/p>\n<p style=\"text-align: right;\"><span style=\"color: #999999;\">Das K\u00fcnstlerbuch Unbehaust<\/span><\/p>\n<div id=\"attachment_10545\" style=\"width: 310px\" class=\"wp-caption alignleft\"><a href=\"http:\/\/www.editiondaslabor.de\/blog\/wp-content\/uploads\/2013\/02\/HieronymusWeigoni.jpeg\"><img loading=\"lazy\" decoding=\"async\" aria-describedby=\"caption-attachment-10545\" class=\"size-medium wp-image-10545\" title=\"Hieronymus:Weigoni\" src=\"http:\/\/www.editiondaslabor.de\/blog\/wp-content\/uploads\/2013\/02\/HieronymusWeigoni-300x225.jpeg\" alt=\"\" width=\"300\" height=\"225\" srcset=\"http:\/\/www.editiondaslabor.de\/blog\/wp-content\/uploads\/2013\/02\/HieronymusWeigoni-300x225.jpeg 300w, http:\/\/www.editiondaslabor.de\/blog\/wp-content\/uploads\/2013\/02\/HieronymusWeigoni.jpeg 400w\" sizes=\"auto, (max-width: 300px) 100vw, 300px\" \/><\/a><p id=\"caption-attachment-10545\" class=\"wp-caption-text\">Hieronymus und Weigoni bei der K\u00fcnstlerbuchpr\u00e4sentation, 2003<\/p><\/div>\n<p style=\"text-align: justify;\">2003 erschien das vorl\u00e4ufig letzte Werk der UR\u00c4US-HANDPRESSE: Unbehaust &amp; Gedichte aus dem Umfeld. Der Werk ist eine Medienkombination von A. J. Weigoni. Es besteht aus einer CD und einem Buch, das Buch ist durch vier Holzgrafiken von Haimo Hieronymus illustriert.<\/p>\n<p style=\"text-align: justify;\">Das Monodram <em>Unbehaust<\/em> ist als K\u00fcnstlerbuch ist nur noch antiquarisch erh\u00e4ltlich, daher ist es in Weigonis Band <a href=\"http:\/\/www.editiondaslabor.de\/?p=395\"><em>Parlandos<\/em><\/a> wiederver\u00f6ffentlicht worden. Das <a href=\"http:\/\/www.editiondaslabor.de\/blog\/2003\/01\/18\/unbehaust\/?fbclid=IwAR2Sr_v7El6mrCtNbcoKgFH_rgc2ZoOlbo2RJmoYmwcUGCJQTOfB_tkKDmQ\">poetische Polymorphem<\/a> macht KUNO in der Theaterfassung zug\u00e4nglich. Die H\u00f6rspielfassung von <a href=\"http:\/\/www.vordenker.de\/taeger\/unbehaust01.htm\"><em>Unbehaust<\/em><\/a> ist in der Reihe MetaPhon auf vordenker.de zu h\u00f6ren. <em>Unbehaust<\/em> ist auf dem H\u00f6rbuch <em>Gedichte<\/em> erh\u00e4ltlich \u00fcber: info@tonstudio-an-der-ruhr.de<\/p>\n<p>&nbsp;<\/p>\n<p>&nbsp;<\/p>\n<p>&nbsp;<\/p>\n<p style=\"text-align: center;\">***<\/p>\n<p style=\"text-align: justify;\" align=\"center\"><strong>Gedichte<\/strong>, H\u00f6rbuch von A.J. Weigoni mit den lyrischen Gesamtaufnahmen, Edition Das Labor, M\u00fclheim 2015<\/p>\n<div id=\"attachment_10799\" style=\"width: 210px\" class=\"wp-caption alignleft\"><a href=\"http:\/\/www.editiondaslabor.de\/blog\/wp-content\/uploads\/2013\/02\/Parlandos.jpg\"><img loading=\"lazy\" decoding=\"async\" aria-describedby=\"caption-attachment-10799\" class=\"wp-image-10799 size-medium\" title=\"Parlandos\" src=\"http:\/\/www.editiondaslabor.de\/blog\/wp-content\/uploads\/2013\/02\/Parlandos-200x300.jpg\" alt=\"\" width=\"200\" height=\"300\" srcset=\"http:\/\/www.editiondaslabor.de\/blog\/wp-content\/uploads\/2013\/02\/Parlandos-200x300.jpg 200w, http:\/\/www.editiondaslabor.de\/blog\/wp-content\/uploads\/2013\/02\/Parlandos-683x1024.jpg 683w, http:\/\/www.editiondaslabor.de\/blog\/wp-content\/uploads\/2013\/02\/Parlandos.jpg 1530w\" sizes=\"auto, (max-width: 200px) 100vw, 200px\" \/><\/a><p id=\"caption-attachment-10799\" class=\"wp-caption-text\">Original Holzschnitt auf das Cover gedruckt von Haimo Hieronymus<\/p><\/div>\n<p style=\"text-align: justify;\"><strong>Weiterf\u00fchrend\u00a0<\/strong><strong>\u2192\u00a0<\/strong><\/p>\n<p style=\"text-align: justify;\">Zum Thema K\u00fcnstlerb\u00fccher finden Sie hier einen <a href=\"http:\/\/www.editiondaslabor.de\/blog\/?p=12840\">Essay<\/a> sowie ein <a href=\"http:\/\/www.editiondaslabor.de\/blog\/?p=834\">Artikel<\/a> von J.C. Albers. Vertiefend auch das <a href=\"http:\/\/www.editiondaslabor.de\/blog\/?p=21407\">Kollegengespr\u00e4ch<\/a> mit Haimo Hieronymus \u00fcber Material, Medium und Faszination des Werkstoffs Papier.<\/p>\n<p style=\"text-align: justify;\">Jeder Band aus dem <em>Schuber<\/em> von A.J. Weigoni ist ein Sammlerobjekt. Und jedes Titelbild ein Kunstwerk. KUNO fa\u00dft die <a href=\"http:\/\/www.editiondaslabor.de\/blog\/?p=42570\">Stimmen<\/a> zu dieser verlegerischen Gro\u00dftat zusammen. Last but not least: <a href=\"http:\/\/www.editiondaslabor.de\/blog\/?p=25524\"><em>VerDichtung \u2013 \u00dcber das Verfertigen von Poesie<\/em><\/a>, ein Essay von A.J. Weigoni in dem er dichtungstheoretisch die poetologischen Grunds\u00e4tze seines Schaffens beschreibt.<\/p>\n<p style=\"text-align: justify;\">K\u00fcnstlerb\u00fccher verstehen diese Artisten als Physiognomik, der B\u00fcchersammler wird somit zum Physiognomiker der Dingwelt. Die bibliophilen Kostbarkeiten sind erh\u00e4ltlich \u00fcber die Werkstattgalerie Der Bogen, Tel. 0173 7276421<\/p>\n<p>&nbsp;<\/p>\n","protected":false},"excerpt":{"rendered":"<p>Mit dem K\u00e4mpferischen im Autor, der auch Verleger und Buchdrucker ist, korrespondiert der Name seiner ur\u00e4us-Handpresse. Die alt\u00e4gyptische Ur\u00e4us-Schlange gilt als \u00e4usserst wehrhaftes Wesen. Und das Wort Ur\u00e4us wird \u00fcbersetzt mit: die sich Aufb\u00e4umende. Holger Benkel Weit davon entfernt als&hellip;<\/p>\n<p class=\"more-link-p\"><a class=\"more-link\" href=\"http:\/\/www.editiondaslabor.de\/blog\/2003\/12\/10\/die-uraeus-handpresse-aus-halle\/\">Read more &rarr;<\/a><\/p>\n","protected":false},"author":257,"featured_media":100072,"comment_status":"closed","ping_status":"closed","sticky":false,"template":"","format":"standard","meta":{"footnotes":""},"categories":[1],"tags":[628,44,1002],"class_list":["post-103319","post","type-post","status-publish","format-standard","has-post-thumbnail","hentry","category-literatur","tag-a-j-weigoni","tag-haimo-hieronymus","tag-hans-ulrich-prautzsch"],"_links":{"self":[{"href":"http:\/\/www.editiondaslabor.de\/blog\/wp-json\/wp\/v2\/posts\/103319","targetHints":{"allow":["GET"]}}],"collection":[{"href":"http:\/\/www.editiondaslabor.de\/blog\/wp-json\/wp\/v2\/posts"}],"about":[{"href":"http:\/\/www.editiondaslabor.de\/blog\/wp-json\/wp\/v2\/types\/post"}],"author":[{"embeddable":true,"href":"http:\/\/www.editiondaslabor.de\/blog\/wp-json\/wp\/v2\/users\/257"}],"replies":[{"embeddable":true,"href":"http:\/\/www.editiondaslabor.de\/blog\/wp-json\/wp\/v2\/comments?post=103319"}],"version-history":[{"count":3,"href":"http:\/\/www.editiondaslabor.de\/blog\/wp-json\/wp\/v2\/posts\/103319\/revisions"}],"predecessor-version":[{"id":103322,"href":"http:\/\/www.editiondaslabor.de\/blog\/wp-json\/wp\/v2\/posts\/103319\/revisions\/103322"}],"wp:featuredmedia":[{"embeddable":true,"href":"http:\/\/www.editiondaslabor.de\/blog\/wp-json\/wp\/v2\/media\/100072"}],"wp:attachment":[{"href":"http:\/\/www.editiondaslabor.de\/blog\/wp-json\/wp\/v2\/media?parent=103319"}],"wp:term":[{"taxonomy":"category","embeddable":true,"href":"http:\/\/www.editiondaslabor.de\/blog\/wp-json\/wp\/v2\/categories?post=103319"},{"taxonomy":"post_tag","embeddable":true,"href":"http:\/\/www.editiondaslabor.de\/blog\/wp-json\/wp\/v2\/tags?post=103319"}],"curies":[{"name":"wp","href":"https:\/\/api.w.org\/{rel}","templated":true}]}}