{"id":103217,"date":"2007-11-06T06:11:45","date_gmt":"2007-11-06T05:11:45","guid":{"rendered":"http:\/\/www.editiondaslabor.de\/blog\/?p=103217"},"modified":"2022-05-24T06:13:51","modified_gmt":"2022-05-24T04:13:51","slug":"moralische-kommunikation","status":"publish","type":"post","link":"http:\/\/www.editiondaslabor.de\/blog\/2007\/11\/06\/moralische-kommunikation\/","title":{"rendered":"Moralische Kommunikation"},"content":{"rendered":"<p>&nbsp;<\/p>\n<p>&nbsp;<\/p>\n<p style=\"text-align: justify;\">Empirisch gesehen ist moralische Kommunikation nahe am Streit und damit in der N\u00e4he von Gewalt angesiedelt. Sie f\u00fchrt im Bezeugen von Achtung oder Missachtung zu einem \u00dcberengagement der Beteiligten.<\/p>\n<p>&nbsp;<\/p>\n<p>&nbsp;<\/p>\n<p>&nbsp;<\/p>\n<p>&nbsp;<\/p>\n<p><img loading=\"lazy\" decoding=\"async\" class=\"alignleft wp-image-76075 size-medium\" src=\"http:\/\/www.editiondaslabor.de\/blog\/wp-content\/uploads\/2009\/04\/Aphorismen-194x300.jpg\" alt=\"\" width=\"194\" height=\"300\" srcset=\"http:\/\/www.editiondaslabor.de\/blog\/wp-content\/uploads\/2009\/04\/Aphorismen-194x300.jpg 194w, http:\/\/www.editiondaslabor.de\/blog\/wp-content\/uploads\/2009\/04\/Aphorismen-260x403.jpg 260w, http:\/\/www.editiondaslabor.de\/blog\/wp-content\/uploads\/2009\/04\/Aphorismen-160x248.jpg 160w, http:\/\/www.editiondaslabor.de\/blog\/wp-content\/uploads\/2009\/04\/Aphorismen.jpg 322w\" sizes=\"auto, (max-width: 194px) 100vw, 194px\" \/><\/p>\n<p style=\"text-align: justify;\">Niklas Luhmann (* 8. Dezember 1927 in L\u00fcneburg; \u2020 6. November 1998 in Oerlinghausen) war ein deutscher Soziologe und Gesellschaftstheoretiker. Als wichtigster deutschsprachiger Vertreter der soziologischen Systemtheorie und der Soziokybernetik z\u00e4hlt Luhmann mit seiner Systemtheorie zu den Klassikern der Soziologie im 20. Jahrhundert.<\/p>\n<p style=\"text-align: justify;\"><strong>Weiterf\u00fchrend <\/strong><strong>\u2192<\/strong> ein Essay \u00fcber die neue Literaturgattung <a href=\"http:\/\/www.editiondaslabor.de\/blog\/?p=22423\"><em>Twitteratur.<\/em><\/a><\/p>\n","protected":false},"excerpt":{"rendered":"<p>&nbsp; &nbsp; Empirisch gesehen ist moralische Kommunikation nahe am Streit und damit in der N\u00e4he von Gewalt angesiedelt. Sie f\u00fchrt im Bezeugen von Achtung oder Missachtung zu einem \u00dcberengagement der Beteiligten. &nbsp; &nbsp; &nbsp; &nbsp; Niklas Luhmann (* 8. Dezember&hellip;<\/p>\n<p class=\"more-link-p\"><a class=\"more-link\" href=\"http:\/\/www.editiondaslabor.de\/blog\/2007\/11\/06\/moralische-kommunikation\/\">Read more &rarr;<\/a><\/p>\n","protected":false},"author":2,"featured_media":98026,"comment_status":"closed","ping_status":"closed","sticky":false,"template":"","format":"standard","meta":{"footnotes":""},"categories":[1],"tags":[1935],"class_list":["post-103217","post","type-post","status-publish","format-standard","has-post-thumbnail","hentry","category-literatur","tag-niklas-luhmann"],"_links":{"self":[{"href":"http:\/\/www.editiondaslabor.de\/blog\/wp-json\/wp\/v2\/posts\/103217","targetHints":{"allow":["GET"]}}],"collection":[{"href":"http:\/\/www.editiondaslabor.de\/blog\/wp-json\/wp\/v2\/posts"}],"about":[{"href":"http:\/\/www.editiondaslabor.de\/blog\/wp-json\/wp\/v2\/types\/post"}],"author":[{"embeddable":true,"href":"http:\/\/www.editiondaslabor.de\/blog\/wp-json\/wp\/v2\/users\/2"}],"replies":[{"embeddable":true,"href":"http:\/\/www.editiondaslabor.de\/blog\/wp-json\/wp\/v2\/comments?post=103217"}],"version-history":[{"count":1,"href":"http:\/\/www.editiondaslabor.de\/blog\/wp-json\/wp\/v2\/posts\/103217\/revisions"}],"predecessor-version":[{"id":103218,"href":"http:\/\/www.editiondaslabor.de\/blog\/wp-json\/wp\/v2\/posts\/103217\/revisions\/103218"}],"wp:featuredmedia":[{"embeddable":true,"href":"http:\/\/www.editiondaslabor.de\/blog\/wp-json\/wp\/v2\/media\/98026"}],"wp:attachment":[{"href":"http:\/\/www.editiondaslabor.de\/blog\/wp-json\/wp\/v2\/media?parent=103217"}],"wp:term":[{"taxonomy":"category","embeddable":true,"href":"http:\/\/www.editiondaslabor.de\/blog\/wp-json\/wp\/v2\/categories?post=103217"},{"taxonomy":"post_tag","embeddable":true,"href":"http:\/\/www.editiondaslabor.de\/blog\/wp-json\/wp\/v2\/tags?post=103217"}],"curies":[{"name":"wp","href":"https:\/\/api.w.org\/{rel}","templated":true}]}}