{"id":103152,"date":"1995-09-07T07:09:00","date_gmt":"1995-09-07T05:09:00","guid":{"rendered":"http:\/\/www.editiondaslabor.de\/blog\/?p=103152"},"modified":"2022-06-12T17:59:09","modified_gmt":"2022-06-12T15:59:09","slug":"e-kamesgi-luludschi-die-sonnenblume","status":"publish","type":"post","link":"http:\/\/www.editiondaslabor.de\/blog\/1995\/09\/07\/e-kamesgi-luludschi-die-sonnenblume\/","title":{"rendered":"e kamesgi luludschi \u2013 die sonnenblume"},"content":{"rendered":"<p>&nbsp;<\/p>\n<p>&nbsp;<\/p>\n<p>die sonnenblume ist die blume des rom.<\/p>\n<p>sie gibt nahrung, sie ist leben.<\/p>\n<p>und die frauen schm\u00fccken sich mit ihr.<\/p>\n<p>sie hat die farbe der sonne.<\/p>\n<p>als kinder haben wir im fr\u00fchling ihre zarten,<\/p>\n<p>gelben bl\u00e4tter gegessen und im herbst ihre kerne.<\/p>\n<p>sie war wichtig f\u00fcr den rom.<\/p>\n<p>wichtiger als die rose,<\/p>\n<p>weil die rose uns zum weinen bringt.<\/p>\n<p>aber die sonnenblume bringt uns zum lachen.<\/p>\n<p>&nbsp;<\/p>\n<p>&nbsp;<\/p>\n<p>&nbsp;<\/p>\n<p>&nbsp;<\/p>\n<p>&nbsp;<\/p>\n<div id=\"attachment_103153\" style=\"width: 227px\" class=\"wp-caption alignleft\"><img loading=\"lazy\" decoding=\"async\" aria-describedby=\"caption-attachment-103153\" class=\"wp-image-103153 size-medium\" src=\"http:\/\/www.editiondaslabor.de\/blog\/wp-content\/uploads\/2015\/01\/Ceija-Stojka-217x300.jpeg\" alt=\"\" width=\"217\" height=\"300\" \/><p id=\"caption-attachment-103153\" class=\"wp-caption-text\">Ceija Stojka, Photo: Peter Paul Wiplinger<\/p><\/div>\n<p style=\"text-align: justify;\"><strong>Weiterf\u00fchrend \u2192<\/strong>\u00a0Eine <a href=\"http:\/\/www.editiondaslabor.de\/blog\/2015\/01\/27\/erinnerung-an-ceija-stojka\/\">Erinnerung<\/a> an Ceija Stojka von Peter Paul Wiplinger<\/p>\n<p style=\"text-align: justify;\"><strong>\u2192<\/strong>\u00a0Poesie z\u00e4hlt f\u00fcr KUNO weiterhin zu den identit\u00e4ts- und identifikationstiftenden Elementen einer Kultur, dies bezeugte auch der Versuch einer <a href=\"http:\/\/www.editiondaslabor.de\/blog\/?p=25630\">poetologischen Positionsbestimmung<\/a>.<\/p>\n<h1 class=\"entry-title\"><\/h1>\n<p>&nbsp;<\/p>\n","protected":false},"excerpt":{"rendered":"<p>&nbsp; &nbsp; die sonnenblume ist die blume des rom. sie gibt nahrung, sie ist leben. und die frauen schm\u00fccken sich mit ihr. sie hat die farbe der sonne. als kinder haben wir im fr\u00fchling ihre zarten, gelben bl\u00e4tter gegessen und&hellip;<\/p>\n<p class=\"more-link-p\"><a class=\"more-link\" href=\"http:\/\/www.editiondaslabor.de\/blog\/1995\/09\/07\/e-kamesgi-luludschi-die-sonnenblume\/\">Read more &rarr;<\/a><\/p>\n","protected":false},"author":247,"featured_media":103153,"comment_status":"closed","ping_status":"closed","sticky":false,"template":"","format":"standard","meta":{"footnotes":""},"categories":[1],"tags":[1701],"class_list":["post-103152","post","type-post","status-publish","format-standard","has-post-thumbnail","hentry","category-literatur","tag-ceija-stojka"],"_links":{"self":[{"href":"http:\/\/www.editiondaslabor.de\/blog\/wp-json\/wp\/v2\/posts\/103152","targetHints":{"allow":["GET"]}}],"collection":[{"href":"http:\/\/www.editiondaslabor.de\/blog\/wp-json\/wp\/v2\/posts"}],"about":[{"href":"http:\/\/www.editiondaslabor.de\/blog\/wp-json\/wp\/v2\/types\/post"}],"author":[{"embeddable":true,"href":"http:\/\/www.editiondaslabor.de\/blog\/wp-json\/wp\/v2\/users\/247"}],"replies":[{"embeddable":true,"href":"http:\/\/www.editiondaslabor.de\/blog\/wp-json\/wp\/v2\/comments?post=103152"}],"version-history":[{"count":3,"href":"http:\/\/www.editiondaslabor.de\/blog\/wp-json\/wp\/v2\/posts\/103152\/revisions"}],"predecessor-version":[{"id":103639,"href":"http:\/\/www.editiondaslabor.de\/blog\/wp-json\/wp\/v2\/posts\/103152\/revisions\/103639"}],"wp:featuredmedia":[{"embeddable":true,"href":"http:\/\/www.editiondaslabor.de\/blog\/wp-json\/wp\/v2\/media\/103153"}],"wp:attachment":[{"href":"http:\/\/www.editiondaslabor.de\/blog\/wp-json\/wp\/v2\/media?parent=103152"}],"wp:term":[{"taxonomy":"category","embeddable":true,"href":"http:\/\/www.editiondaslabor.de\/blog\/wp-json\/wp\/v2\/categories?post=103152"},{"taxonomy":"post_tag","embeddable":true,"href":"http:\/\/www.editiondaslabor.de\/blog\/wp-json\/wp\/v2\/tags?post=103152"}],"curies":[{"name":"wp","href":"https:\/\/api.w.org\/{rel}","templated":true}]}}