{"id":102727,"date":"1991-03-31T12:46:36","date_gmt":"1991-03-31T10:46:36","guid":{"rendered":"http:\/\/www.editiondaslabor.de\/blog\/?p=102727"},"modified":"2022-04-17T13:00:36","modified_gmt":"2022-04-17T11:00:36","slug":"kuenstlerische-auseinandersetzung-mit-der-industriellen-arbeitswelt","status":"publish","type":"post","link":"http:\/\/www.editiondaslabor.de\/blog\/1991\/03\/31\/kuenstlerische-auseinandersetzung-mit-der-industriellen-arbeitswelt\/","title":{"rendered":"K\u00fcnstlerische Auseinandersetzung mit der industriellen Arbeitswelt"},"content":{"rendered":"<p style=\"text-align: right;\"><span style=\"color: #999999;\"><em>Schreiben ist wie Bergmannsarbeit. Tief in die Stollen des Lebens eindringen muss der Schriftsteller [\u2026] Im sozialistischen Staat werden die sch\u00f6pferischen Kr\u00e4fte des Volkes, die unter den Bedingungen der kapitalistischen Ausbeutung verk\u00fcmmern mussten und von der herrschenden Klasse unterdr\u00fcckt oder abgelenkt wurden, gepflegt und gef\u00f6rdert. [\u2026] Greif zur Feder, Kumpel! [\u2026] Sch\u00f6pfe aus der F\u00fclle deiner Umwelt, deines Lebens.<\/em>\u201c<\/span><\/p>\n<p style=\"text-align: right;\"><span style=\"color: #999999;\">Werner Br\u00e4unig<\/span><\/p>\n<p style=\"text-align: justify;\">Die <em>Gruppe 61<\/em> wurde am 31. M\u00e4rz 1961 von dem Dortmunder Bibliotheksdirektor Fritz H\u00fcser, dem Schriftsteller Max von der Gr\u00fcn, dem Gewerkschafter Walter K\u00f6pping und weiteren Schriftstellern gegr\u00fcndet. Zun\u00e4chst nannte sich die literarische Gruppe <em>Arbeitskreis f\u00fcr k\u00fcnstlerische Auseinandersetzung mit der industriellen Arbeitswelt<\/em>, sp\u00e4ter benannte sie sich in <em>Dortmunder Gruppe 61<\/em> um. Die Gruppe setzte es sich zum Ziel, schriftstellerisch t\u00e4tige Arbeiter auf der einen und Lektoren, Kritiker und Journalisten auf der anderen Seite zusammenzubringen und dem Fehlen der schriftstellerischen und k\u00fcnstlerischen Auseinandersetzung mit der Arbeitswelt und ihren sozialen Problemen entgegenzuwirken. Der Gruppe geh\u00f6rten unter anderem Josef Reding, G\u00fcnter Wallraff, Angelika Mechtel, Peter-Paul Zahl, Willy Bartock und Hans K. Wehren, Wolfgang K\u00f6rner an.<\/p>\n<p style=\"text-align: right;\"><em><span style=\"color: #999999;\">Eigentlich war unser unangemeldetes Go-in nichts anderes als ein kommunistischer Putschversuch\u201c und die Gruppe damit \u201eauf proletarisch-revolution\u00e4re Weise \u201aumfunktioniert.<\/span><\/em><\/p>\n<p style=\"text-align: right;\"><span style=\"color: #999999;\">Peter Sch\u00fctt<\/span><\/p>\n<p style=\"text-align: justify;\">Aus der <em>Dortmunder Gruppe 61<\/em> ging der <em>Werkkreis Literatur der Arbeitswelt<\/em> hervor. Nachdem Mitglieder wie Josef B\u00fcscher und Peter Sch\u00fctt in Gelsenkirchen und Hamburg bereits Literarische Werkst\u00e4tten ins Leben gerufen hatten, forderten sie gemeinsam mit Erika Runge und Erasmus Sch\u00f6fer im November 1968 auf der Herbsttagung der <em>Gruppe 61<\/em> die Einbeziehung schreibender Arbeiter. Sie fanden Unterst\u00fctzung von Max von der Gr\u00fcn, Richard Limpert, Liselotte Rauner und G\u00fcnter Wallraff. Nach heftiger Debatte wurde die Tagung abgebrochen und ein Reportagewettbewerb ausgeschrieben, dessen Gewinner von der Gruppe kooptiert wurden.<\/p>\n<p style=\"text-align: justify;\">1969 gr\u00fcndeten einige der Opponenten eine <em>Gruppe 70 f\u00fcr <a href=\"http:\/\/www.editiondaslabor.de\/blog\/1995\/06\/16\/25-jahre-werkkreis-literatur-der-arbeitswelt\/\">Literatur der Arbeitswelt<\/a><\/em> in Essen, deren Sprecher und Schriftf\u00fchrer Sch\u00f6fer wurde. Dieser beantragte auf der Tagung der <em>Gruppe 61<\/em> am 10. Januar 1970 umfassende Programm- und Satzungs\u00e4nderungen, die von der Mehrheit der Anwesenden abgelehnt wurden. Damit war der Bruch vollzogen, und die <em>Dortmunder Gruppe 61<\/em> l\u00f6ste sich Anfang der 1970er Jahre auf.<\/p>\n<p>&nbsp;<\/p>\n<p>&nbsp;<\/p>\n<p style=\"text-align: center;\">***<\/p>\n<p>&nbsp;<\/p>\n<div id=\"attachment_102647\" style=\"width: 220px\" class=\"wp-caption alignleft\"><img loading=\"lazy\" decoding=\"async\" aria-describedby=\"caption-attachment-102647\" class=\"wp-image-102647 size-full\" src=\"http:\/\/www.editiondaslabor.de\/blog\/wp-content\/uploads\/1990\/09\/megazeichen-e1649334129888.jpg\" alt=\"\" width=\"210\" height=\"300\" \/><p id=\"caption-attachment-102647\" class=\"wp-caption-text\">Der Schreibtisch des Ruhrgebiets steht am Mannesmanufer. Bild: Archiv Mischa Kuball, D\u00fcsseldorf<\/p><\/div>\n<p style=\"text-align: justify;\"><strong>Weiterf\u00fchrend \u2192<\/strong><\/p>\n<div style=\"text-align: justify;\">Der letzte Arbeiterdichter \u00d6sterreichs, <a href=\"http:\/\/www.editiondaslabor.de\/blog\/2016\/09\/10\/der-letzte-arbeiterdichter-oesterreichs\/\">vorgestellt<\/a> von <span class=\"vcard author\"><span class=\"fn\">Peter Paul Wiplinger<\/span><\/span>.<\/div>\n<div style=\"text-align: justify;\">Eine Chronik der deutschen Arbeitslosen, <a href=\"http:\/\/www.editiondaslabor.de\/blog\/2010\/07\/11\/eine-chronik-der-deutschen-arbeitslosen\/\">dargelegt<\/a> von <span class=\"vcard author\"><span class=\"fn\">Walter Benjamin<\/span><\/span>.<\/div>\n<div style=\"text-align: justify;\">Der politische Massenstreik und die Gewerkschaften, <a href=\"http:\/\/www.editiondaslabor.de\/blog\/2010\/10\/01\/der-politische-massenstreik-und-die-gewerkschaften\/\">analysiert<\/a> von <span class=\"vcard author\"><span class=\"fn\">Rosa Luxemburg<\/span><\/span><\/div>\n<div><\/div>\n","protected":false},"excerpt":{"rendered":"<p>Schreiben ist wie Bergmannsarbeit. Tief in die Stollen des Lebens eindringen muss der Schriftsteller [\u2026] Im sozialistischen Staat werden die sch\u00f6pferischen Kr\u00e4fte des Volkes, die unter den Bedingungen der kapitalistischen Ausbeutung verk\u00fcmmern mussten und von der herrschenden Klasse unterdr\u00fcckt oder&hellip;<\/p>\n<p class=\"more-link-p\"><a class=\"more-link\" href=\"http:\/\/www.editiondaslabor.de\/blog\/1991\/03\/31\/kuenstlerische-auseinandersetzung-mit-der-industriellen-arbeitswelt\/\">Read more &rarr;<\/a><\/p>\n","protected":false},"author":257,"featured_media":102647,"comment_status":"closed","ping_status":"closed","sticky":false,"template":"","format":"standard","meta":{"footnotes":""},"categories":[1],"tags":[3594,1343,3593,1160,3592,3605,3595,3606,1162,3591,3607,3609,3604,1347,3608,1161],"class_list":["post-102727","post","type-post","status-publish","format-standard","has-post-thumbnail","hentry","category-literatur","tag-angelika-mechtel","tag-erasmus-schofer","tag-erika-runge","tag-fritz-huser","tag-guenter-wallraff","tag-hans-k-wehren","tag-josef-buescher","tag-josef-reding","tag-max-von-der-grun","tag-peter-schuett","tag-peter-paul-zahl","tag-richard-limpert","tag-walter-koepping","tag-werner-braunig","tag-willy-bartock","tag-wolfgang-korner"],"_links":{"self":[{"href":"http:\/\/www.editiondaslabor.de\/blog\/wp-json\/wp\/v2\/posts\/102727","targetHints":{"allow":["GET"]}}],"collection":[{"href":"http:\/\/www.editiondaslabor.de\/blog\/wp-json\/wp\/v2\/posts"}],"about":[{"href":"http:\/\/www.editiondaslabor.de\/blog\/wp-json\/wp\/v2\/types\/post"}],"author":[{"embeddable":true,"href":"http:\/\/www.editiondaslabor.de\/blog\/wp-json\/wp\/v2\/users\/257"}],"replies":[{"embeddable":true,"href":"http:\/\/www.editiondaslabor.de\/blog\/wp-json\/wp\/v2\/comments?post=102727"}],"version-history":[{"count":3,"href":"http:\/\/www.editiondaslabor.de\/blog\/wp-json\/wp\/v2\/posts\/102727\/revisions"}],"predecessor-version":[{"id":102730,"href":"http:\/\/www.editiondaslabor.de\/blog\/wp-json\/wp\/v2\/posts\/102727\/revisions\/102730"}],"wp:featuredmedia":[{"embeddable":true,"href":"http:\/\/www.editiondaslabor.de\/blog\/wp-json\/wp\/v2\/media\/102647"}],"wp:attachment":[{"href":"http:\/\/www.editiondaslabor.de\/blog\/wp-json\/wp\/v2\/media?parent=102727"}],"wp:term":[{"taxonomy":"category","embeddable":true,"href":"http:\/\/www.editiondaslabor.de\/blog\/wp-json\/wp\/v2\/categories?post=102727"},{"taxonomy":"post_tag","embeddable":true,"href":"http:\/\/www.editiondaslabor.de\/blog\/wp-json\/wp\/v2\/tags?post=102727"}],"curies":[{"name":"wp","href":"https:\/\/api.w.org\/{rel}","templated":true}]}}