{"id":102685,"date":"1995-04-22T10:17:14","date_gmt":"1995-04-22T08:17:14","guid":{"rendered":"http:\/\/www.editiondaslabor.de\/blog\/?p=102685"},"modified":"2022-04-11T10:55:02","modified_gmt":"2022-04-11T08:55:02","slug":"franzoesischsprachige-lyrik","status":"publish","type":"post","link":"http:\/\/www.editiondaslabor.de\/blog\/1995\/04\/22\/franzoesischsprachige-lyrik\/","title":{"rendered":"Franz\u00f6sischsprachige Lyrik"},"content":{"rendered":"<p style=\"text-align: justify;\"><span style=\"color: #999999;\">Vorbemerkung der Redaktion<\/span>: Die Lyrik ist eine der fr\u00fchen literarischen Formen. Wenn auch die fr\u00fchesten \u00fcberlieferten lyrischen Texte nicht als Gedichte im heutigen Sinne verstanden wurden \u2013 das Vorkommen von Reim bzw. Alliteration, einer Metrik oder eines sprachlichen Rhythmus gen\u00fcgt, in diesem Jahr k\u00fcmmert sich KUNO um die unterschiedlichen Auspr\u00e4gungen.<\/p>\n<p style=\"text-align: justify;\">Die franz\u00f6sischsprachige Lyrik beginnt mit den Trouv\u00e8ren im 12. Jahrhundert, deren Werke auf altfranz\u00f6sisch verfasst wurden. Die Trobadordichtung im S\u00fcden Frankreichs wurde in provenzalischer Sprache geschrieben. Marie de France verwendete Versformen f\u00fcr ihre <em>Lais<\/em>, Chr\u00e9tien de Troyes f\u00fcr seine Verserz\u00e4hlungen Erec et Enide und Le Conte du Graal ou le Roman de Perceval. Guillaume de Lorris und Jean de Meung, die Autoren des Le Roman de la Rose, nutzten paarweise reimende Verse f\u00fcr ihren Roman. Im 14. Jahrhundert verfasste Eustache Deschamps \u00fcber tausend Balladen, manchen gilt er gar als Begr\u00fcnder dieser Form. Zu seiner Dichtung werden traditionelle Liebesdichtungen, Satiren und Sentenzen gez\u00e4hlt, sowie die Poetik <em>L&#8217;art de dictier et de fere chan\u00e7ons, ballades, virelais et rondeau<\/em>. Als bedeutendster Dichter der Zeit gilt Fran\u00e7ois Villon. Sein Hauptwerk <em>Le Testament<\/em>, das sechzehn Balladen und drei Rondeaus enth\u00e4lt, wurde auch au\u00dferhalb des franz\u00f6sischen Sprachraums \u00fcber Jahrhunderte hinweg rezipiert. Sein Dichtung beeinflusste Mitte des 19. Jahrhunderts die Pr\u00e4raffaeliten und im 20. Jahrhundert die deutschsprachigen Naturalisten, sp\u00e4ter die Expressionisten und pr\u00e4gte die Gelegenheitsdichtung. Charles de Valois, duc d\u2019Orl\u00e9ans, der Villon in seinem Schloss aufnahm und ihn sp\u00e4ter wegen eines Spottgedichtes in den Kerker werfen lie\u00df, dichtete selbst in englischer und franz\u00f6sischer Sprache.<\/p>\n<p style=\"text-align: justify;\">Bedeutende Lyriker der Renaissance waren Pierre de Ronsard und Joachim Du Bellay, f\u00fcr die franz\u00f6sische Klassik ist Fran\u00e7ois de Malherbe, f\u00fcr die Aufkl\u00e4rung Jacques Delille zu nennen. In der Romantik sind Alphonse de Lamartine, Alfred de Musset und Victor Hugo von Bedeutung, etwa zeitgleich schrieben die \u201eParnassiens\u201c Th\u00e9ophile Gautier und Th\u00e9odore de Banville. Die gro\u00dfen franz\u00f6sischen Dichter der fr\u00fchen Moderne (Symbolismus) sind Charles Baudelaire, Arthur Rimbaud, Paul Verlaine und St\u00e9phane Mallarm\u00e9. Bedeutende Lyriker zu Beginn des 20.\u00a0Jahrhunderts sind Guillaume Apollinaire und Paul Val\u00e9ry, sp\u00e4ter Andr\u00e9 Breton, Paul \u00c9luard, Ivan Goll, Tristan Tzara, Yves Bonnefoy u.\u00a0a. m.<\/p>\n<p>&nbsp;<\/p>\n<p style=\"text-align: center;\">* * *<\/p>\n<div id=\"attachment_44595\" style=\"width: 310px\" class=\"wp-caption alignleft\"><img loading=\"lazy\" decoding=\"async\" aria-describedby=\"caption-attachment-44595\" class=\"wp-image-44595 size-medium\" src=\"http:\/\/www.editiondaslabor.de\/blog\/wp-content\/uploads\/2017\/09\/der-lyrik-eine-bresche-fuer-ein-gedicht-je-ausgabe-einer-zeitung_1505748323-1-300x200.jpg\" alt=\"\" width=\"300\" height=\"200\" srcset=\"http:\/\/www.editiondaslabor.de\/blog\/wp-content\/uploads\/2017\/09\/der-lyrik-eine-bresche-fuer-ein-gedicht-je-ausgabe-einer-zeitung_1505748323-1-300x200.jpg 300w, http:\/\/www.editiondaslabor.de\/blog\/wp-content\/uploads\/2017\/09\/der-lyrik-eine-bresche-fuer-ein-gedicht-je-ausgabe-einer-zeitung_1505748323-1.jpg 450w\" sizes=\"auto, (max-width: 300px) 100vw, 300px\" \/><p id=\"caption-attachment-44595\" class=\"wp-caption-text\">Poesie z\u00e4hlt f\u00fcr KUNO zu den identit\u00e4ts- und identifikationstiftenden Elementen der Kultur<\/p><\/div>\n<p style=\"text-align: justify;\"><strong>Weiterf\u00fchrend<\/strong> <strong>\u2192<\/strong> Poesie z\u00e4hlt f\u00fcr KUNO zu den identit\u00e4ts- und identifikationstiftenden Elementen der Kultur, dies bezeugt der Versuch einer <a href=\"http:\/\/www.editiondaslabor.de\/blog\/?p=25630\">poetologischen Positionsbestimmung<\/a>. Um den Widerstand gegen die gepolsterte Gegenwartslyrik ein wenig anzufachen schickte <span data-offset-key=\"d96ve-1-0\">Wolfgang Schlott<\/span><span data-offset-key=\"d96ve-2-0\"> dieses\u00a0 post-dadaistische <a href=\"http:\/\/www.editiondaslabor.de\/blog\/2016\/02\/03\/handwerkliche-anleitungen-zur-ueberwindung-von-schreibblockaden\/\">Manifest<\/a>. Warum<\/span> Lyrik wieder in die Zeitungen geh\u00f6rt <a href=\"http:\/\/www.editiondaslabor.de\/blog\/2017\/10\/07\/der-dichtung-eine-bresche-schlagen\/\">begr\u00fcndete<\/a> Walther Stonet, diese Forderung hat nichts an Aktualit\u00e4t verloren. Lesen Sie auch Maximilian Zanders <a href=\"http:\/\/www.editiondaslabor.de\/blog\/?p=5418\">Essay <\/a>\u00fcber Lyrik und ein R\u00fcckblick auf den <a href=\"http:\/\/www.editiondaslabor.de\/blog\/2014\/01\/08\/lyrik-katalog-bundesrepublik\/\"><em>Lyrik-Katalog Bundesrepublik<\/em><\/a>, sowie einen Essay \u00fcber den <a href=\"http:\/\/www.editiondaslabor.de\/blog\/2013\/12\/26\/lauschender-leser-und-redender-schreiber-2\/\">Lyrikvermittler<\/a> Theo Breuer. KUNO sch\u00e4tzt den minuti\u00f6sen Selbstinszenierungsprozess des lyrischen Dichter-Ichs von Ulrich Bergmann in der Reihe <a href=\"http:\/\/www.editiondaslabor.de\/blog\/?p=27947\">Keine Bojen auf hoher See, nur Sterne \u2026 und Schwerkraft. Gedanken \u00fcber das lyrische Schreiben<\/a>. Lesen Sie ein <a href=\"http:\/\/www.editiondaslabor.de\/blog\/?p=22835\">Portr\u00e4t <\/a>\u00fcber die interdisziplin\u00e4re T\u00e4tigkeit von Angelika Janz, sowie einen <a href=\"http:\/\/www.editiondaslabor.de\/blog\/?p=29450\">Essay<\/a> der <em>Fragmenttexterin.<\/em> Ein Portr\u00e4t von Sophie Reyer findet sich\u00a0<a href=\"http:\/\/www.editiondaslabor.de\/blog\/2013\/10\/08\/von-sappho-zu-sophie\/\">hier<\/a>, ein Essay fasst das transmediale Projekt<em> \u201e<a href=\"http:\/\/www.editiondaslabor.de\/blog\/2021\/04\/14\/bi-textualitaet\/\">Wortspielhalle<\/a>\u201c <\/em>zusammen<em>. <\/em>Auf KUNO lesen Sie u.a. Rezensionsessays von <a href=\"http:\/\/www.editiondaslabor.de\/blog\/2015\/06\/17\/beschwoerungszauber\/\">Holger Benkel<\/a> \u00fcber <a href=\"http:\/\/www.editiondaslabor.de\/blog\/?p=15175\">Andr\u00e9 Schinkel<\/a>, <a href=\"http:\/\/www.editiondaslabor.de\/blog\/2017\/11\/12\/mit-deutschen-untertiteln\/\">Ralph Pordzik<\/a>,\u00a0<a href=\"http:\/\/www.editiondaslabor.de\/blog\/2018\/12\/20\/wohnraeume-der-poesie\/\">Friederike Mayr\u00f6cker<\/a>, <a href=\"http:\/\/www.editiondaslabor.de\/blog\/2017\/03\/19\/welten-gegenwelten\/\">Werner Weimar-Mazur<\/a>, <a href=\"http:\/\/www.editiondaslabor.de\/blog\/2019\/06\/26\/wohnraeume-der-poesie-2\/\">Peter Engstler<\/a>, <a href=\"http:\/\/www.editiondaslabor.de\/blog\/?p=15177\">Birgitt Lieberwirth<\/a>, <a href=\"http:\/\/www.editiondaslabor.de\/blog\/2019\/08\/17\/der-grill-auf-der-hauswiese-der-welt\/\">Linda Vilhj\u00e1lmsd\u00f3ttir<\/a>, und <a href=\"http:\/\/www.editiondaslabor.de\/blog\/2017\/09\/17\/rettungsversuche-der-literatur-im-digitalen-raum\/\">A.J. Weigoni<\/a>. Lesenswert auch die <a href=\"http:\/\/www.editiondaslabor.de\/blog\/2020\/05\/16\/verseschmied-und-lyrikfischer\/\">Gratulation<\/a> von Axel Kutsch durch Markus Peters zum 75. Geburtstag. Nicht zu vergessen eine Empfehlung der kristallklaren Lyrik von <a href=\"http:\/\/www.editiondaslabor.de\/blog\/2020\/01\/19\/die-lyrikerin-ines-hagemeyer\/\">Ines Hagemeyer<\/a>. Diese Betrachtungen versammeln sich in der Tradition von <a href=\"http:\/\/www.editiondaslabor.de\/blog\/2000\/04\/04\/vauo\/\">V.O. Stomps<\/a>, dem Klassiker des Andersseins, dem <a href=\"http:\/\/www.editiondaslabor.de\/blog\/2005\/09\/24\/erinnerungen\/\">Bottroper Literaturrocker<\/a> &#8222;Biby&#8220; Wintjes und Hadayatullah H\u00fcbsch, dem Urvater des <a href=\"http:\/\/www.editiondaslabor.de\/blog\/1995\/06\/30\/wie-was-social-beat-ist-und-warum-und-warum-nicht\/\"><em>Social-Beat<\/em><\/a>, im KUNO-Online-Archiv. Wir empfehlen f\u00fcr Neulinge als Einstieg in das weite Feld der nonkonformistischen Literatur <a href=\"http:\/\/www.editiondaslabor.de\/blog\/2001\/04\/01\/nonkonformistische-literatur\/\">diesem Hinweis<\/a> zu folgen.<\/p>\n","protected":false},"excerpt":{"rendered":"<p>Vorbemerkung der Redaktion: Die Lyrik ist eine der fr\u00fchen literarischen Formen. Wenn auch die fr\u00fchesten \u00fcberlieferten lyrischen Texte nicht als Gedichte im heutigen Sinne verstanden wurden \u2013 das Vorkommen von Reim bzw. Alliteration, einer Metrik oder eines sprachlichen Rhythmus gen\u00fcgt,&hellip;<\/p>\n<p class=\"more-link-p\"><a class=\"more-link\" href=\"http:\/\/www.editiondaslabor.de\/blog\/1995\/04\/22\/franzoesischsprachige-lyrik\/\">Read more &rarr;<\/a><\/p>\n","protected":false},"author":257,"featured_media":98207,"comment_status":"closed","ping_status":"closed","sticky":false,"template":"","format":"standard","meta":{"footnotes":""},"categories":[1],"tags":[3432,3431,836,622,127,3425,3426,3423,3424,387,3421,3436,3429,3422,3428,3420,3435,1026,3029,3427,221,3434,3433,3129,3430,3375],"class_list":["post-102685","post","type-post","status-publish","format-standard","has-post-thumbnail","hentry","category-literatur","tag-alfred-de-musset","tag-alphonse-de-lamartine","tag-andre-breton","tag-arthur-rimbaud","tag-charles-baudelaire","tag-charles-de-valois","tag-duc-dorleans","tag-eustache-deschamps","tag-francois-villon","tag-guillaume-apollinaire","tag-guillaume-de-lorris","tag-ivan-goll","tag-jacques-delille","tag-jean-de-meung","tag-joachim-du-bellay","tag-marie-de-france","tag-paul-eluard","tag-paul-valery","tag-paul-verlaine","tag-pierre-de-ronsard","tag-stephane-mallarme","tag-theodore-de-banville","tag-theophile-gautier","tag-tristan-tzara","tag-victor-hugo","tag-yves-bonnefoy"],"_links":{"self":[{"href":"http:\/\/www.editiondaslabor.de\/blog\/wp-json\/wp\/v2\/posts\/102685","targetHints":{"allow":["GET"]}}],"collection":[{"href":"http:\/\/www.editiondaslabor.de\/blog\/wp-json\/wp\/v2\/posts"}],"about":[{"href":"http:\/\/www.editiondaslabor.de\/blog\/wp-json\/wp\/v2\/types\/post"}],"author":[{"embeddable":true,"href":"http:\/\/www.editiondaslabor.de\/blog\/wp-json\/wp\/v2\/users\/257"}],"replies":[{"embeddable":true,"href":"http:\/\/www.editiondaslabor.de\/blog\/wp-json\/wp\/v2\/comments?post=102685"}],"version-history":[{"count":1,"href":"http:\/\/www.editiondaslabor.de\/blog\/wp-json\/wp\/v2\/posts\/102685\/revisions"}],"predecessor-version":[{"id":102686,"href":"http:\/\/www.editiondaslabor.de\/blog\/wp-json\/wp\/v2\/posts\/102685\/revisions\/102686"}],"wp:featuredmedia":[{"embeddable":true,"href":"http:\/\/www.editiondaslabor.de\/blog\/wp-json\/wp\/v2\/media\/98207"}],"wp:attachment":[{"href":"http:\/\/www.editiondaslabor.de\/blog\/wp-json\/wp\/v2\/media?parent=102685"}],"wp:term":[{"taxonomy":"category","embeddable":true,"href":"http:\/\/www.editiondaslabor.de\/blog\/wp-json\/wp\/v2\/categories?post=102685"},{"taxonomy":"post_tag","embeddable":true,"href":"http:\/\/www.editiondaslabor.de\/blog\/wp-json\/wp\/v2\/tags?post=102685"}],"curies":[{"name":"wp","href":"https:\/\/api.w.org\/{rel}","templated":true}]}}