{"id":102633,"date":"1990-09-20T15:04:05","date_gmt":"1990-09-20T13:04:05","guid":{"rendered":"http:\/\/www.editiondaslabor.de\/blog\/?p=102633"},"modified":"2022-04-07T14:24:11","modified_gmt":"2022-04-07T12:24:11","slug":"megazeichen","status":"publish","type":"post","link":"http:\/\/www.editiondaslabor.de\/blog\/1990\/09\/20\/megazeichen\/","title":{"rendered":"Megazeichen"},"content":{"rendered":"<p>&nbsp;<\/p>\n<p style=\"text-align: justify;\">Zwischen Bilk und der Altstadt steht ein Hochhaus, dessen Licht in der Nacht zur Weihnachtszeit sinnigerweise zu einem Tannenbaum verschaltet wird. Bis Mischa Kuball das Hochhaus in ein <em>Megazeichen<\/em> verwandelt hat, das n\u00e4chtliche Lichtzeichen in den Stadtraum der Landeshauptstadt sendete. Dabei benutzt er vor allem wei\u00dfes Licht, wie bei der mehrteiligen Arbeit <em>Megazeichen<\/em>, \u2013 in seiner allt\u00e4glichen Form als reines, von Lampen innerhalb oder au\u00dferhalb von R\u00e4umen erzeugtes Licht.<\/p>\n<p style=\"text-align: right;\"><span style=\"color: #999999;\">Gebaute Architektur, pr\u00e4gnante oder bedeutende Geb\u00e4ude, sind Ausgangspunkt der Arbeiten Mischa Kuballs.<\/span><\/p>\n<p style=\"text-align: justify;\">In der \u00d6ffentlichkeit der n\u00e4chtlichen Stadt siedelt Mischa Kuballs Arbeit <em>Megazeichen<\/em> f\u00fcr die der D\u00fcsseldorfer das Hochhaus der Mannesmann AG &#8211; Am Rheinufer &#8211; sieben Wochen lang zum Tr\u00e4ger von Lichtzeichen machte. Nachts blieb in bestimmten B\u00fcros und Fluren das Licht an, die beleuchteten Fenster zusammen ergaben ein weithin sichtbares Zeichen. Der nat\u00fcrliche Rhythmus von hell und dunkel, Tag und Nacht bildete sich in der Erscheinung ab wie auch ein kalendarischer Takt, in dem die einzelnen Zeichen wechselten. W\u00f6chentlich wechselten die Erscheinungen an der vielst\u00f6ckigen Au\u00dfenhaut des Geb\u00e4udes \u2013 erst im Ablauf der Aktion ergab sich das Gesamtprogramm.<\/p>\n<p style=\"text-align: justify;\">Mit <em>Megazeichen<\/em> r\u00fchrt Mischa Kuball an eine Sph\u00e4re zwischen dem Innen und dem Au\u00dfen der Architektur und dem gebauten Gef\u00fcge einer Stadt.<\/p>\n<p>&nbsp;<\/p>\n<p>&nbsp;<\/p>\n<p style=\"text-align: center;\">***<\/p>\n<p style=\"text-align: justify;\"><strong>Megazeichen<\/strong>, von Mischa Kuball. D\u00fcsseldorf, Heinen Verlag 1990<\/p>\n<div id=\"attachment_102647\" style=\"width: 220px\" class=\"wp-caption alignleft\"><img loading=\"lazy\" decoding=\"async\" aria-describedby=\"caption-attachment-102647\" class=\"wp-image-102647 size-full\" src=\"http:\/\/www.editiondaslabor.de\/blog\/wp-content\/uploads\/1990\/09\/megazeichen-e1649334129888.jpg\" alt=\"\" width=\"210\" height=\"300\" \/><p id=\"caption-attachment-102647\" class=\"wp-caption-text\">Bild: Archiv Mischa Kuball, D\u00fcsseldorf<\/p><\/div>\n<p style=\"text-align: justify;\"><strong>Weiterf\u00fchrend \u2192<\/strong><\/p>\n<p style=\"text-align: justify;\">Stefan Oehm betrachtete f\u00fcr KUNO Kuballs <a href=\"http:\/\/www.editiondaslabor.de\/blog\/?p=50277\">Lichtinstallation<\/a> <strong><em>res\u00b7o\u00b7nant<\/em><\/strong>. Lesen Sie im Rahmen der <i>public preposition\u00a0<\/i>ein\u00a0Gespr\u00e4ch zwischen Vanessa Joan M\u00fcller und Mischa Kuball \u00fcber <a href=\"http:\/\/www.editiondaslabor.de\/blog\/?p=33030\">\u00f6ffentliche Beziehungen<\/a>. Gleichfalls empfehlenswert das <a href=\"http:\/\/www.editiondaslabor.de\/blog\/?p=8632\">Ateliergespr\u00e4ch<\/a> von Prof. Dr. Matei Chihaia mit Mischa Kuball.<\/p>\n<p style=\"text-align: justify;\"><strong>\u2192 <\/strong>F\u00fcr das Projekt <em>Kollegengespr\u00e4che<\/em> hat A.J. Weigoni einen Austausch zwischen Schriftstellern angeregt. Auf KUNO ist diese Reihe wieder aufgelebt. Mit dem K\u00fcnstler Mischa Kuball teilt der Romancier den <em><a href=\"http:\/\/www.editiondaslabor.de\/blog\/2014\/10\/02\/dauerlaufen-und-durchhalten-ein-diskurs\/\">Dauerlauf<\/a><\/em>.<\/p>\n","protected":false},"excerpt":{"rendered":"<p>&nbsp; Zwischen Bilk und der Altstadt steht ein Hochhaus, dessen Licht in der Nacht zur Weihnachtszeit sinnigerweise zu einem Tannenbaum verschaltet wird. Bis Mischa Kuball das Hochhaus in ein Megazeichen verwandelt hat, das n\u00e4chtliche Lichtzeichen in den Stadtraum der Landeshauptstadt&hellip;<\/p>\n<p class=\"more-link-p\"><a class=\"more-link\" href=\"http:\/\/www.editiondaslabor.de\/blog\/1990\/09\/20\/megazeichen\/\">Read more &rarr;<\/a><\/p>\n","protected":false},"author":257,"featured_media":102647,"comment_status":"closed","ping_status":"closed","sticky":false,"template":"","format":"standard","meta":{"footnotes":""},"categories":[1],"tags":[49],"class_list":["post-102633","post","type-post","status-publish","format-standard","has-post-thumbnail","hentry","category-literatur","tag-mischa-kuball"],"_links":{"self":[{"href":"http:\/\/www.editiondaslabor.de\/blog\/wp-json\/wp\/v2\/posts\/102633","targetHints":{"allow":["GET"]}}],"collection":[{"href":"http:\/\/www.editiondaslabor.de\/blog\/wp-json\/wp\/v2\/posts"}],"about":[{"href":"http:\/\/www.editiondaslabor.de\/blog\/wp-json\/wp\/v2\/types\/post"}],"author":[{"embeddable":true,"href":"http:\/\/www.editiondaslabor.de\/blog\/wp-json\/wp\/v2\/users\/257"}],"replies":[{"embeddable":true,"href":"http:\/\/www.editiondaslabor.de\/blog\/wp-json\/wp\/v2\/comments?post=102633"}],"version-history":[{"count":4,"href":"http:\/\/www.editiondaslabor.de\/blog\/wp-json\/wp\/v2\/posts\/102633\/revisions"}],"predecessor-version":[{"id":102649,"href":"http:\/\/www.editiondaslabor.de\/blog\/wp-json\/wp\/v2\/posts\/102633\/revisions\/102649"}],"wp:featuredmedia":[{"embeddable":true,"href":"http:\/\/www.editiondaslabor.de\/blog\/wp-json\/wp\/v2\/media\/102647"}],"wp:attachment":[{"href":"http:\/\/www.editiondaslabor.de\/blog\/wp-json\/wp\/v2\/media?parent=102633"}],"wp:term":[{"taxonomy":"category","embeddable":true,"href":"http:\/\/www.editiondaslabor.de\/blog\/wp-json\/wp\/v2\/categories?post=102633"},{"taxonomy":"post_tag","embeddable":true,"href":"http:\/\/www.editiondaslabor.de\/blog\/wp-json\/wp\/v2\/tags?post=102633"}],"curies":[{"name":"wp","href":"https:\/\/api.w.org\/{rel}","templated":true}]}}