{"id":102580,"date":"2000-01-31T08:18:39","date_gmt":"2000-01-31T07:18:39","guid":{"rendered":"http:\/\/www.editiondaslabor.de\/blog\/?p=102580"},"modified":"2022-04-05T08:24:23","modified_gmt":"2022-04-05T06:24:23","slug":"ein-blick-in-die-untiefen-der-menschen-von-nebenan","status":"publish","type":"post","link":"http:\/\/www.editiondaslabor.de\/blog\/2000\/01\/31\/ein-blick-in-die-untiefen-der-menschen-von-nebenan\/","title":{"rendered":"Ein Blick in die Untiefen der Menschen von nebenan"},"content":{"rendered":"<p>&nbsp;<\/p>\n<p style=\"text-align: justify;\">A.J. Weigoni ist mit der f\u00fcr ihn typischen Neugier auf der Suche nach dem Banalen. Er spitzt in \u201eMonster\u201c auf seine Weise zu, da\u00df Banalit\u00e4t zunehmend das Ma\u00df des Allt\u00e4glichen wird; er legt mit seinen Formulierungen die brutalen Implikationen des Normalen frei.<\/p>\n<p style=\"text-align: justify;\">Weigonis Sprache ist immer an der Grenze zum Ertr\u00e4glichen ist; \u00fcberschreiten wird er diese Grenze nicht. Poesie und H\u00e4rte, Abscheu und Einf\u00fchlsamkeit fa\u00dft er zu einer ungewohnten Einheit zusammen. Das schafft Aufmerksamkeit, ist allerdings keine Effekthascherei.<\/p>\n<p style=\"text-align: justify;\">Weigonis literarische Arbeit orientiert sich nicht an Kommerzialit\u00e4t. Das sichert ihm die innere Freiheit zu Kontinuit\u00e4t, die f\u00fcr seine Poesie einen hohen Stellenwert hat.<\/p>\n<p>&nbsp;<\/p>\n<p>&nbsp;<\/p>\n<p style=\"text-align: center;\">***<\/p>\n<p style=\"text-align: justify;\"><span style=\"color: #999999;\">Redaktionelle Anmerkung<\/span>: Vor zehn Jahren erschien das &#8222;Gossenheft&#8220; <strong>Monster. <\/strong>Die Entw\u00fcrfe \u00fcberarbeitet A.J. Weigoni, sie fliessen ein in den Band\u00a0 <strong>Zombies<\/strong>, Erz\u00e4hlungen von A.J. Weigoni, Edition Das Labor 2010<\/p>\n<div id=\"attachment_97950\" style=\"width: 217px\" class=\"wp-caption alignleft\"><img loading=\"lazy\" decoding=\"async\" aria-describedby=\"caption-attachment-97950\" class=\"wp-image-97950 size-full\" src=\"http:\/\/www.editiondaslabor.de\/blog\/wp-content\/uploads\/2022\/01\/Zombies-e1645795065341.jpeg\" alt=\"\" width=\"207\" height=\"300\" \/><p id=\"caption-attachment-97950\" class=\"wp-caption-text\">Coverphoto: Anja Roth<\/p><\/div>\n<p style=\"text-align: justify;\">KUNO \u00fcbernimmt einen Artikel von <a href=\"http:\/\/www.editiondaslabor.de\/blog\/2012\/10\/05\/turbokapitalistischer-realismus\/\">Kultura-extra<\/a> aus <a href=\"http:\/\/www.editiondaslabor.de\/blog\/2012\/08\/07\/tote-lebende\/\">Neue Rheinische Zeitung<\/a> und <a href=\"https:\/\/www.fixpoetry.com\/feuilleton\/kritiken\/andrascz-j-weigoni\/zombies-0\">fixpoetry<\/a>. Enrik Lauer stellt den Band unter <a href=\"http:\/\/www.editiondaslabor.de\/blog\/2010\/09\/01\/unter-kanonverdacht\/\">Kanonverdacht<\/a>. Betty Davis sieht darin die <a href=\"http:\/\/www.editiondaslabor.de\/blog\/2010\/03\/18\/zur-gegenwartslage-der-literatur\/\">Gegenwartslage der Literatur<\/a>. Constanze Schmidt erkennt literarische <a href=\"http:\/\/www.editiondaslabor.de\/blog\/2010\/10\/23\/polaroids-von-den-schattenseiten-der-gesellschaft\/\">Polaroids<\/a>. Holger Benkel beobachtet <a href=\"http:\/\/www.editiondaslabor.de\/blog\/2013\/10\/25\/kleine-damonen-auf-tour\/\">Kleine D\u00e4monen auf Tour<\/a>. Ein Essay \u00fcber <a href=\"http:\/\/www.editiondaslabor.de\/blog\/2010\/01\/18\/der-sudelbuchschreiber\/\">Unlust am Leben, Angst vor\u2019m Tod<\/a>. F\u00fcr Jesko Hagen bleiben die Untoten <a href=\"http:\/\/www.editiondaslabor.de\/blog\/2013\/01\/12\/die-untoten-sind-lebendig\/\">lebendig<\/a>.<\/p>\n<p style=\"text-align: justify;\"><strong>Weiterf\u00fchrend \u2192<\/strong><\/p>\n<p style=\"text-align: justify;\">In der Reihe Gossenhefte zeigt sich, was passiert, wenn sich literarischer Bodensatz und die Reflexionsm\u00f6glichkeiten von popul\u00e4rkulturellen Tugenden nahe genug kommen. Der Essay <a href=\"http:\/\/www.editiondaslabor.de\/blog\/?p=35655\"><em>Perlen des Trash<\/em><\/a> stellt diese Reihe ausf\u00fchrlich vor. Dem Begriff <em>Trash<\/em> haftet der Hauch der Verruchtheit und des Nonkonformismus an. In Musik, Kunst oder Film gilt Trash als Bewegung, die im Klandestinen stattfindet und an der nur ein exklusiver Kreis nonkonformistischer Aussenseiter partizipiert. Dieser angeschmutzte Realismus entzieht sich der Rezeption in einer \u00f6ffentlichen Institution. Daher sei sei Enno Stahls fulminantes Zeitdokument\u00a0<a href=\"http:\/\/www.editiondaslabor.de\/blog\/?p=26047\">Deutscher Trash<\/a> ebenso eindr\u00fccklich empfohlen wie Heiner Links <a href=\"http:\/\/www.editiondaslabor.de\/blog\/?p=42272\">Vorwort<\/a> zum Band Trash-Piloten.<\/p>\n","protected":false},"excerpt":{"rendered":"<p>&nbsp; A.J. Weigoni ist mit der f\u00fcr ihn typischen Neugier auf der Suche nach dem Banalen. Er spitzt in \u201eMonster\u201c auf seine Weise zu, da\u00df Banalit\u00e4t zunehmend das Ma\u00df des Allt\u00e4glichen wird; er legt mit seinen Formulierungen die brutalen Implikationen&hellip;<\/p>\n<p class=\"more-link-p\"><a class=\"more-link\" href=\"http:\/\/www.editiondaslabor.de\/blog\/2000\/01\/31\/ein-blick-in-die-untiefen-der-menschen-von-nebenan\/\">Read more &rarr;<\/a><\/p>\n","protected":false},"author":110,"featured_media":98402,"comment_status":"closed","ping_status":"closed","sticky":false,"template":"","format":"standard","meta":{"footnotes":""},"categories":[1],"tags":[1524],"class_list":["post-102580","post","type-post","status-publish","format-standard","has-post-thumbnail","hentry","category-literatur","tag-betty-davis"],"_links":{"self":[{"href":"http:\/\/www.editiondaslabor.de\/blog\/wp-json\/wp\/v2\/posts\/102580","targetHints":{"allow":["GET"]}}],"collection":[{"href":"http:\/\/www.editiondaslabor.de\/blog\/wp-json\/wp\/v2\/posts"}],"about":[{"href":"http:\/\/www.editiondaslabor.de\/blog\/wp-json\/wp\/v2\/types\/post"}],"author":[{"embeddable":true,"href":"http:\/\/www.editiondaslabor.de\/blog\/wp-json\/wp\/v2\/users\/110"}],"replies":[{"embeddable":true,"href":"http:\/\/www.editiondaslabor.de\/blog\/wp-json\/wp\/v2\/comments?post=102580"}],"version-history":[{"count":3,"href":"http:\/\/www.editiondaslabor.de\/blog\/wp-json\/wp\/v2\/posts\/102580\/revisions"}],"predecessor-version":[{"id":102583,"href":"http:\/\/www.editiondaslabor.de\/blog\/wp-json\/wp\/v2\/posts\/102580\/revisions\/102583"}],"wp:featuredmedia":[{"embeddable":true,"href":"http:\/\/www.editiondaslabor.de\/blog\/wp-json\/wp\/v2\/media\/98402"}],"wp:attachment":[{"href":"http:\/\/www.editiondaslabor.de\/blog\/wp-json\/wp\/v2\/media?parent=102580"}],"wp:term":[{"taxonomy":"category","embeddable":true,"href":"http:\/\/www.editiondaslabor.de\/blog\/wp-json\/wp\/v2\/categories?post=102580"},{"taxonomy":"post_tag","embeddable":true,"href":"http:\/\/www.editiondaslabor.de\/blog\/wp-json\/wp\/v2\/tags?post=102580"}],"curies":[{"name":"wp","href":"https:\/\/api.w.org\/{rel}","templated":true}]}}