{"id":102497,"date":"1995-04-02T06:10:10","date_gmt":"1995-04-02T04:10:10","guid":{"rendered":"http:\/\/www.editiondaslabor.de\/blog\/?p=102497"},"modified":"2022-04-02T06:18:12","modified_gmt":"2022-04-02T04:18:12","slug":"macht-der-gewehre","status":"publish","type":"post","link":"http:\/\/www.editiondaslabor.de\/blog\/1995\/04\/02\/macht-der-gewehre\/","title":{"rendered":"Macht der Gewehre"},"content":{"rendered":"<p>&nbsp;<\/p>\n<p>Um Amerika wirklich die Meinung zu sagen<\/p>\n<p>brauchst du eine massive Schreibmaschine<\/p>\n<p>Kraft &amp; St\u00e4rke<\/p>\n<p>&amp; \u00fcbermenschliche Energie, die dir R\u00fcckhalt geben<\/p>\n<p>Du bist bereits ersch\u00f6pft und planst deine Flucht<\/p>\n<p>(in dieses Gedicht)<\/p>\n<p>Ohne Worte bist du ganz sch\u00f6n weit gekommen<\/p>\n<p>dahin, ein evolution\u00e4rer Trend zu sein<\/p>\n<p>wo Menschen ihre Worte wie Waffen fallen lassen<\/p>\n<p>und richtige Waffen aufheben<\/p>\n<p>und in der Stille herumsitzen wie S\u00fcchtige<\/p>\n<p>Etwas, das du mit einer Schreibmaschine nicht mehr in Schach halten<\/p>\n<p>kannst in New York 1968!<\/p>\n<p>Was mache ich hier dann?<\/p>\n<p>ERKL\u00c4RT KRIEG<\/p>\n<p>AUFRICHTIGE WEISSE SIND WACHSAM<\/p>\n<p>sind interessante Worte, glaube ich<\/p>\n<p>die ein gewisses Gewicht haben, \u00e4hnlich wie<\/p>\n<p>GROSSE FESSEL<\/p>\n<p>wenn William Burroughs von der Kultur des Westens spricht<\/p>\n<p>oder<\/p>\n<p>RAUSCHGIFT<\/p>\n<p>Ansonsten lese ich gern Anekdoten aus dem Leben der gro\u00dfen schwarzen F\u00fchrer<\/p>\n<p>die mich erheben<\/p>\n<p>und nach unten tragen<\/p>\n<p>auf die Stra\u00dfe und zur\u00fcck<\/p>\n<p>Zu viel passiert da drau\u00dfen<\/p>\n<p>Ich denke nicht daran, einfach aus irgendeinem Grund zu krepieren,<\/p>\n<p>verstehst du<\/p>\n<p>LEBEN ODER TOD<\/p>\n<p>ALLES ODER NICHTS<\/p>\n<p>ENTSCHEIDE JETZT<\/p>\n<p>Die Zeit ist gekommen, man selbst zu sein<\/p>\n<p>aber du bist besser OK, sonst PENG!<\/p>\n<p>Du wirst diesen Sommer nicht \u00fcberleben<\/p>\n<p>(&amp; verpa\u00dft was, falls es so ist)<\/p>\n<p>&nbsp;<\/p>\n<p>&nbsp;<\/p>\n<p style=\"text-align: center;\">***<\/p>\n<p style=\"text-align: justify;\">Eine Leseprobe aus <strong>Silver screen<\/strong> : neue amerikanische Lyrik, herausgegeben von Rolf Dieter Brinkmann. K\u00f6ln : Kiepenheuer &amp; Witsch, 1969<\/p>\n<p style=\"text-align: justify;\"><img loading=\"lazy\" decoding=\"async\" class=\"alignleft size-full wp-image-102498\" src=\"http:\/\/www.editiondaslabor.de\/blog\/wp-content\/uploads\/2022\/04\/Silver-screen_Cocer-e1648872780270.jpg\" alt=\"\" width=\"192\" height=\"300\" \/>Anne Waldman wuchs in New York City auf und kam durch ihre Mutter mit Literatur in Ber\u00fchrung. Begegnungen mit Autoren einerseits sowie Musikern, darunter Thelonious Monk und Pete Seeger andererseits, inspirierten sie bereits fr\u00fch dazu, die konventionellen Grenzen geschriebener Sprache zu hinterfragen und sp\u00e4ter durch performative Qualit\u00e4ten zu \u00fcberschreiten.<sup id=\"cite_ref-3\" class=\"reference\"><a href=\"https:\/\/de.wikipedia.org\/wiki\/Anne_Waldman#cite_note-3\">[3]<\/a><\/sup> 1965 reiste sie nach Kalifornien, um an der \u201eBerkeley Poetry Conference\u201c teilzunehmen. Dort lernte sie, neben anderen literarischen Gr\u00f6\u00dfen, Allen Ginsberg kennen, mit dem sie eine lebenslange k\u00fcnstlerische Freundschaft verband. Nach ihrem Studienabschluss am Bennington College kehrte Waldman 1966 nach New York zur\u00fcck und wurde stellvertretende Direktorin und sp\u00e4ter Direktorin des \u201ePoetry Project\u201c in der New Yorker \u201eSt. Mark\u2019s Church-in-the-Bowery\u201c. Im Zuge des Projektes gab sie einige \u00f6ffentliche Lesungen und wurde als \u201ePerformance-Literatin\u201c bekannt. In dieser Zeit begann sie au\u00dferdem bei Ch\u00f6gyam Trungpa Rinpoche, einem Meditationsmeister des tibetischen Buddhismus, zu lernen. 1974 gr\u00fcndete sie mit Allen Ginsberg und Diane DiPrima die \u201eJack Kerouac School of Disembodied Poetics\u201c an der Naropa University, die erste buddhistisch inspirierte Schule in der westlichen Hemisph\u00e4re, wo sie bis heute unterrichtet.<sup id=\"cite_ref-b_4-0\" class=\"reference\"><\/sup><\/p>\n<p style=\"text-align: justify;\">Neben ihrer literarischen T\u00e4tigkeit engagierte sich Waldman f\u00fcr zahlreiche feministische, \u00f6kologische und menschenrechtliche Anliegen. In den 1970er Jahren war sie gemeinsam mit Daniel Ellsberg und Allen Ginsberg in der \u201eRocky Flats Truth Force\u201c aktiv, einer Organisation, die sich gegen die Atomwaffenfabrik Rocky Flats zehn Meilen s\u00fcdlich von Boulder (Colorado) wendete.<\/p>\n<p style=\"text-align: justify;\"><strong>Weiterf\u00fchrend \u2192<\/strong>\u00a0Poesie z\u00e4hlt f\u00fcr KUNO weiterhin zu den identit\u00e4ts- und identifikationstiftenden Elementen einer Kultur, dies bezeugte auch der Versuch einer <a href=\"http:\/\/www.editiondaslabor.de\/blog\/?p=25630\">poetologischen Positionsbestimmung<\/a>.<\/p>\n","protected":false},"excerpt":{"rendered":"<p>&nbsp; Um Amerika wirklich die Meinung zu sagen brauchst du eine massive Schreibmaschine Kraft &amp; St\u00e4rke &amp; \u00fcbermenschliche Energie, die dir R\u00fcckhalt geben Du bist bereits ersch\u00f6pft und planst deine Flucht (in dieses Gedicht) Ohne Worte bist du ganz sch\u00f6n&hellip;<\/p>\n<p class=\"more-link-p\"><a class=\"more-link\" href=\"http:\/\/www.editiondaslabor.de\/blog\/1995\/04\/02\/macht-der-gewehre\/\">Read more &rarr;<\/a><\/p>\n","protected":false},"author":257,"featured_media":102498,"comment_status":"closed","ping_status":"closed","sticky":false,"template":"","format":"standard","meta":{"footnotes":""},"categories":[1],"tags":[3373,241],"class_list":["post-102497","post","type-post","status-publish","format-standard","has-post-thumbnail","hentry","category-literatur","tag-anne-waldman","tag-rolf-dieter-brinkmann"],"_links":{"self":[{"href":"http:\/\/www.editiondaslabor.de\/blog\/wp-json\/wp\/v2\/posts\/102497","targetHints":{"allow":["GET"]}}],"collection":[{"href":"http:\/\/www.editiondaslabor.de\/blog\/wp-json\/wp\/v2\/posts"}],"about":[{"href":"http:\/\/www.editiondaslabor.de\/blog\/wp-json\/wp\/v2\/types\/post"}],"author":[{"embeddable":true,"href":"http:\/\/www.editiondaslabor.de\/blog\/wp-json\/wp\/v2\/users\/257"}],"replies":[{"embeddable":true,"href":"http:\/\/www.editiondaslabor.de\/blog\/wp-json\/wp\/v2\/comments?post=102497"}],"version-history":[{"count":3,"href":"http:\/\/www.editiondaslabor.de\/blog\/wp-json\/wp\/v2\/posts\/102497\/revisions"}],"predecessor-version":[{"id":102501,"href":"http:\/\/www.editiondaslabor.de\/blog\/wp-json\/wp\/v2\/posts\/102497\/revisions\/102501"}],"wp:featuredmedia":[{"embeddable":true,"href":"http:\/\/www.editiondaslabor.de\/blog\/wp-json\/wp\/v2\/media\/102498"}],"wp:attachment":[{"href":"http:\/\/www.editiondaslabor.de\/blog\/wp-json\/wp\/v2\/media?parent=102497"}],"wp:term":[{"taxonomy":"category","embeddable":true,"href":"http:\/\/www.editiondaslabor.de\/blog\/wp-json\/wp\/v2\/categories?post=102497"},{"taxonomy":"post_tag","embeddable":true,"href":"http:\/\/www.editiondaslabor.de\/blog\/wp-json\/wp\/v2\/tags?post=102497"}],"curies":[{"name":"wp","href":"https:\/\/api.w.org\/{rel}","templated":true}]}}