{"id":102466,"date":"1989-08-28T14:47:07","date_gmt":"1989-08-28T12:47:07","guid":{"rendered":"http:\/\/www.editiondaslabor.de\/blog\/?p=102466"},"modified":"2022-03-31T15:10:34","modified_gmt":"2022-03-31T13:10:34","slug":"maximen-und-reflexionen","status":"publish","type":"post","link":"http:\/\/www.editiondaslabor.de\/blog\/1989\/08\/28\/maximen-und-reflexionen\/","title":{"rendered":"Maximen und Reflexionen"},"content":{"rendered":"<p>&nbsp;<\/p>\n<p style=\"text-align: justify;\">\u201eMir ist ein neuer Ausdruck eingefallen, der das Verh\u00e4ltnis nicht \u00fcbel bezeichnet. Das Klassische nenne ich das Gesunde und das Romantische das Kranke. Und da sind die Nibelungen klassisch wie der Homer, denn beide sind gesund und t\u00fcchtig. Das meiste Neuere ist nicht romantisch, weil es neu, sondern weil es schwach, kr\u00e4nklich und krank ist, und das Alte ist nicht klassisch, weil es alt, sondern weil es stark, frisch, froh und gesund ist.\u201c<\/p>\n<p style=\"text-align: right;\">Johann Wolfgang Goethe<\/p>\n<p>&nbsp;<\/p>\n<div id=\"attachment_98404\" style=\"width: 221px\" class=\"wp-caption alignright\"><img loading=\"lazy\" decoding=\"async\" aria-describedby=\"caption-attachment-98404\" class=\"wp-image-98404 size-full\" src=\"http:\/\/www.editiondaslabor.de\/blog\/wp-content\/uploads\/2021\/09\/Jaguar-e1645955306365.jpg\" alt=\"\" width=\"211\" height=\"300\" \/><p id=\"caption-attachment-98404\" class=\"wp-caption-text\">Coverphoto: Anja Roth<\/p><\/div>\n<p style=\"text-align: justify;\">Die von A.J. Weigoni angeregte Gossenheftreihe ist pures eskapistisches Entertain\u00adment, sie ist aber auch, was man nicht sofort wahrhaben will, eine subtile Zeit-Diagnose der eigenen Post-Historie, sie zeigt auf, wie mit Leseerwartungen und Genrekonventionen \u00e4u\u00dferst produktiv und \u00e4sthetisch anspruchsvoll umgegangen werden kann \u2013 und da\u00df es m\u00f6glich ist, unter dem gleichen Oberbegriff Massen- und Trivialliteratur ebenso wie Avantgarde zu verhandeln. In dieser Werkstatt f\u00fcr potenzielle Literatur herrschte die notwendige definitorische Offenheit von Trash und ein extensiver Begriff des \u00dcbrigen zwischen K\u00f6rper und Zeichen. Der Kriminalist, verkleidet sich als Poststrukturalist. Diese nonkonformistischen Autoren remixten bespielsweise William S. Burroughs, Hanns Heinz Ewers oder Raymond Chandler und verschnitten sie mit postmoderner Theorie, popkulturellen Referenzen und Outlaw-Romantik und destillierten knallharte, dystopische Trivialmythen daraus. Wer neugierig auf bizarre, wilde, schlicht wundersame Literatur ist, kann jenseits kleinb\u00fcrgerlicher Qualit\u00e4tsvorstellungen die sch\u00f6nsten Entdeckungen machen, die das nach Abfallprodukt riechende Siegel <em>Trash<\/em> die \u201e\u00c4sthetisierung des H\u00e4sslichen\u201c nur unzul\u00e4nglich beschreibt. Man lernt von ihnen, da\u00df H\u00e4\u00dflichkeit auch Freiheit und Spielraum bietet: f\u00fcr eine h\u00f6here Art von Unschuld. Ihr Schund-Begriff betreibt an der Oberfl\u00e4che und im Abseitigen Daseinsanalyse ganz ohne eine Inventur der Verluste oder \u00fcbliche Klagen um einen kulturellen Verfall. Diese Autoren analysieren lakonisch und k\u00fchl, und ihre ernsthafte Verspieltheit erinnert den zuweilen an Pater Sloterdijk. Die Tatsache, da\u00df ein Charakteristikum des Groschenromans in der Variation mehr oder weniger festgelegter Elemente liegt, verleiht dieser Gossenheftreihe das hohe \u00e4sthetische Niveau. Diese Reihe h\u00e4lt uns den Spiegel vor, sie zeigt unsere eigenen verdr\u00e4ngten Gel\u00fcste und eine Schmud\u00addel\u00adva\u00adri\u00adante unserer Welt des neolibe\u00adralen, rasenden Still\u00adstands.<\/p>\n<p>&nbsp;<\/p>\n<p>&nbsp;<\/p>\n<p style=\"text-align: center;\">***<\/p>\n<p style=\"text-align: justify;\"><strong>Jaguar<\/strong>, Neo-Noir-Novelle von A.J. Weigoni, Krash-Verlag 1989<\/p>\n<div id=\"attachment_71061\" style=\"width: 160px\" class=\"wp-caption alignleft\"><a href=\"http:\/\/www.editiondaslabor.de\/blog\/wp-content\/uploads\/2028\/11\/Scan-e1604998168719.jpeg\"><img loading=\"lazy\" decoding=\"async\" aria-describedby=\"caption-attachment-71061\" class=\"wp-image-71061 size-full\" src=\"http:\/\/www.editiondaslabor.de\/blog\/wp-content\/uploads\/2028\/11\/Scan-e1604998168719.jpeg\" alt=\"\" width=\"150\" height=\"178\" \/><\/a><p id=\"caption-attachment-71061\" class=\"wp-caption-text\">Weigoni-Portr\u00e4t: Anja Roth<\/p><\/div>\n<p style=\"text-align: justify;\"><strong>Weiterf\u00fchrend \u2192<\/strong><\/p>\n<p style=\"text-align: justify;\">In der Reihe Gossenhefte zeigt sich, was passiert, wenn sich literarischer Bodensatz und die Reflexionsm\u00f6glichkeiten von popul\u00e4rkulturellen Tugenden nahe genug kommen. Der Essay <a href=\"http:\/\/www.editiondaslabor.de\/blog\/?p=35655\"><em>Perlen des Trash<\/em><\/a> stellt diese Reihe ausf\u00fchrlich vor. Dem Begriff\u00a0<a href=\"http:\/\/www.editiondaslabor.de\/blog\/2014\/11\/01\/trash-eine-einfuehrung\/\"><em>Trash<\/em><\/a> haftet der Hauch der Verruchtheit und des Nonkonformismus an. In Musik, Kunst oder Film gilt <a href=\"http:\/\/www.editiondaslabor.de\/blog\/2014\/11\/30\/proust_and_pulp\/\"><em>Trash<\/em><\/a> als Bewegung, die im Klandestinen stattfindet und an der nur ein exklusiver Kreis nonkonformistischer Aussenseiter partizipiert. Lesen Sie auch das <a href=\"http:\/\/www.editiondaslabor.de\/blog\/1996\/06\/09\/groschenhefte\/\"><em>Kollegengespr\u00e4ch<\/em> <\/a>von A.J. Weigoni mit dem <em>echten<\/em> Bastei L\u00fcbbe-Autor Dieter Walter.\u00a0Eine W\u00fcrdigung von <em>Massaker<\/em> durch Betty Davis lesen Sie <a href=\"http:\/\/www.editiondaslabor.de\/blog\/2013\/08\/02\/die-atomisierende-maschinerie-der-modernen-gesellschaft\/\">hier<\/a>. Die H\u00f6rfassung unter dem Titel <a href=\"http:\/\/www.vordenker.de\/weigoni\/blutrausch.htm\"><em>Blutrausch<\/em><\/a> h\u00f6ren Sie in der Reihe <em>MetaPhon<\/em>.<\/p>\n<p>&nbsp;<\/p>\n","protected":false},"excerpt":{"rendered":"<p>&nbsp; \u201eMir ist ein neuer Ausdruck eingefallen, der das Verh\u00e4ltnis nicht \u00fcbel bezeichnet. Das Klassische nenne ich das Gesunde und das Romantische das Kranke. Und da sind die Nibelungen klassisch wie der Homer, denn beide sind gesund und t\u00fcchtig. Das&hellip;<\/p>\n<p class=\"more-link-p\"><a class=\"more-link\" href=\"http:\/\/www.editiondaslabor.de\/blog\/1989\/08\/28\/maximen-und-reflexionen\/\">Read more &rarr;<\/a><\/p>\n","protected":false},"author":246,"featured_media":98301,"comment_status":"closed","ping_status":"closed","sticky":false,"template":"","format":"standard","meta":{"footnotes":""},"categories":[1],"tags":[628,54,425],"class_list":["post-102466","post","type-post","status-publish","format-standard","has-post-thumbnail","hentry","category-literatur","tag-a-j-weigoni","tag-dietmar-pokoyski","tag-johann-wolfgang-goethe"],"_links":{"self":[{"href":"http:\/\/www.editiondaslabor.de\/blog\/wp-json\/wp\/v2\/posts\/102466","targetHints":{"allow":["GET"]}}],"collection":[{"href":"http:\/\/www.editiondaslabor.de\/blog\/wp-json\/wp\/v2\/posts"}],"about":[{"href":"http:\/\/www.editiondaslabor.de\/blog\/wp-json\/wp\/v2\/types\/post"}],"author":[{"embeddable":true,"href":"http:\/\/www.editiondaslabor.de\/blog\/wp-json\/wp\/v2\/users\/246"}],"replies":[{"embeddable":true,"href":"http:\/\/www.editiondaslabor.de\/blog\/wp-json\/wp\/v2\/comments?post=102466"}],"version-history":[{"count":2,"href":"http:\/\/www.editiondaslabor.de\/blog\/wp-json\/wp\/v2\/posts\/102466\/revisions"}],"predecessor-version":[{"id":102468,"href":"http:\/\/www.editiondaslabor.de\/blog\/wp-json\/wp\/v2\/posts\/102466\/revisions\/102468"}],"wp:featuredmedia":[{"embeddable":true,"href":"http:\/\/www.editiondaslabor.de\/blog\/wp-json\/wp\/v2\/media\/98301"}],"wp:attachment":[{"href":"http:\/\/www.editiondaslabor.de\/blog\/wp-json\/wp\/v2\/media?parent=102466"}],"wp:term":[{"taxonomy":"category","embeddable":true,"href":"http:\/\/www.editiondaslabor.de\/blog\/wp-json\/wp\/v2\/categories?post=102466"},{"taxonomy":"post_tag","embeddable":true,"href":"http:\/\/www.editiondaslabor.de\/blog\/wp-json\/wp\/v2\/tags?post=102466"}],"curies":[{"name":"wp","href":"https:\/\/api.w.org\/{rel}","templated":true}]}}