{"id":102346,"date":"1989-06-11T09:14:13","date_gmt":"1989-06-11T07:14:13","guid":{"rendered":"http:\/\/www.editiondaslabor.de\/blog\/?p=102346"},"modified":"2026-01-23T16:22:46","modified_gmt":"2026-01-23T15:22:46","slug":"lyricnroll","status":"publish","type":"post","link":"http:\/\/www.editiondaslabor.de\/blog\/1989\/06\/11\/lyricnroll\/","title":{"rendered":"Lyric&#8217;N&#8217;Roll"},"content":{"rendered":"<p>&nbsp;<\/p>\r\n<div id=\"attachment_102347\" style=\"width: 601px\" class=\"wp-caption aligncenter\"><img loading=\"lazy\" decoding=\"async\" aria-describedby=\"caption-attachment-102347\" class=\"wp-image-102347 size-full\" src=\"http:\/\/www.editiondaslabor.de\/blog\/wp-content\/uploads\/2022\/03\/WeigoniPerform.jpeg\" alt=\"\" width=\"591\" height=\"596\" \/><p id=\"caption-attachment-102347\" class=\"wp-caption-text\">A.J. Weigoni portr\u00e4tiert von Thomas Suder<\/p><\/div>\r\n<p>&nbsp;<\/p>\r\n<p style=\"text-align: justify;\">A.J. Weigoni begeistert mit einer poetischen Performance, die sowohl tiefgr\u00fcndig als auch zug\u00e4nglich ist. In seinen Versen verbindet er pers\u00f6nliche Erfahrungen mit universellen Themen wie Liebe, Verlust und Hoffnung. Seine Stimme, begleitet von einem minimalistischen musikalischen Arrangement, schafft eine intime Atmosph\u00e4re, die das Publikum fesselt.<\/p>\r\n<p style=\"text-align: justify;\">Weigonis F\u00e4higkeit, Metaphern lebendig werden zu lassen, hinterl\u00e4sst einen bleibenden Eindruck und regt zum Nachdenken an. Seine poetische Performance ist nicht nur ein Vortrag, sondern ein Erlebnis, das die Herzen ber\u00fchrt und die Gedanken anregt.<\/p>\r\n<p>&nbsp;<\/p>\r\n<p class=\"has-text-align-center\" style=\"text-align: center;\">***<\/p>\r\n<!-- \/wp:post-content -->\r\n\r\n<!-- wp:paragraph -->\r\n<p style=\"text-align: justify;\"><strong>The last pop-songs<\/strong>, von A.J. Weigoni und Frank Michaelis (mit\u00a0Marion Haberstroh und Andy Schulz) bei <em>instant music<\/em>, D\u00fcsseldorf 1989<\/p>\r\n<p style=\"text-align: justify;\"><!-- \/wp:paragraph -->\r\n\r\n<!-- wp:paragraph --><\/p>\r\n<p style=\"text-align: justify;\">Die Aufnahme ist in HiFi-Stereo-Qualit\u00e4t erh\u00e4ltlich \u00fcber:\u00a0 info@tonstudio-an-der-ruhr.de<\/p>\r\n<div id=\"attachment_100922\" style=\"width: 216px\" class=\"wp-caption alignleft\"><img loading=\"lazy\" decoding=\"async\" aria-describedby=\"caption-attachment-100922\" class=\"wp-image-100922 size-full\" src=\"http:\/\/www.editiondaslabor.de\/blog\/wp-content\/uploads\/1989\/01\/The-last-pop-songs-e1645945401587.jpeg\" alt=\"\" width=\"206\" height=\"300\" \/><p id=\"caption-attachment-100922\" class=\"wp-caption-text\">Photo: Anja Roth<\/p><\/div>\r\n<p style=\"text-align: justify;\">Wie das englische Wort lyrics (f\u00fcr Liedtext) verr\u00e4t, basierten die antiken Vorl\u00e4ufer der Popmusik auf Texten, die zu den Kl\u00e4ngen der Lyra vorgetragen wurden. Tonmeister <a href=\"http:\/\/www.editiondaslabor.de\/blog\/?p=6174\">Tom T\u00e4ger<\/a> hat das 1989 produzierte Tape <em>the last pop-songs<\/em> (vom <a href=\"http:\/\/de.wikipedia.org\/wiki\/Digital_Audio_Tape\">DAT<\/a>) digital remastered. Sie h\u00f6ren ein Denkspiel \u00fcber Pop, das selbst Pop ist, weil es Pop als k\u00f6rperverwandelndes Medium versteht und Popgeschichte als Mediengeschichte. <a href=\"http:\/\/www.vordenker.de\/metaphon.htm\">MetaPhon<\/a> pr\u00e4sentiert in der Reihe <em>Revisited<\/em> einen R\u00fcckblick auf &#8222;The Best Of Jugends\u00fcnden&#8220;.<\/p>\r\n<p style=\"text-align: justify;\"><!-- \/wp:paragraph -->\r\n\r\n<!-- wp:image {\"align\":\"left\",\"id\":65180,\"width\":176,\"height\":256,\"sizeSlug\":\"large\"} --><\/p>\r\n<div class=\"wp-block-image\" style=\"text-align: justify;\">\u00a0<\/div>","protected":false},"excerpt":{"rendered":"<p>&nbsp; &nbsp; A.J. Weigoni begeistert mit einer poetischen Performance, die sowohl tiefgr\u00fcndig als auch zug\u00e4nglich ist. In seinen Versen verbindet er pers\u00f6nliche Erfahrungen mit universellen Themen wie Liebe, Verlust und Hoffnung. Seine Stimme, begleitet von einem minimalistischen musikalischen Arrangement, schafft&hellip;<\/p>\n<p class=\"more-link-p\"><a class=\"more-link\" href=\"http:\/\/www.editiondaslabor.de\/blog\/1989\/06\/11\/lyricnroll\/\">Read more &rarr;<\/a><\/p>\n","protected":false},"author":65,"featured_media":102347,"comment_status":"closed","ping_status":"closed","sticky":false,"template":"","format":"standard","meta":{"footnotes":""},"categories":[1],"tags":[628,57],"class_list":["post-102346","post","type-post","status-publish","format-standard","has-post-thumbnail","hentry","category-literatur","tag-a-j-weigoni","tag-thomas-suder"],"_links":{"self":[{"href":"http:\/\/www.editiondaslabor.de\/blog\/wp-json\/wp\/v2\/posts\/102346","targetHints":{"allow":["GET"]}}],"collection":[{"href":"http:\/\/www.editiondaslabor.de\/blog\/wp-json\/wp\/v2\/posts"}],"about":[{"href":"http:\/\/www.editiondaslabor.de\/blog\/wp-json\/wp\/v2\/types\/post"}],"author":[{"embeddable":true,"href":"http:\/\/www.editiondaslabor.de\/blog\/wp-json\/wp\/v2\/users\/65"}],"replies":[{"embeddable":true,"href":"http:\/\/www.editiondaslabor.de\/blog\/wp-json\/wp\/v2\/comments?post=102346"}],"version-history":[{"count":4,"href":"http:\/\/www.editiondaslabor.de\/blog\/wp-json\/wp\/v2\/posts\/102346\/revisions"}],"predecessor-version":[{"id":107058,"href":"http:\/\/www.editiondaslabor.de\/blog\/wp-json\/wp\/v2\/posts\/102346\/revisions\/107058"}],"wp:featuredmedia":[{"embeddable":true,"href":"http:\/\/www.editiondaslabor.de\/blog\/wp-json\/wp\/v2\/media\/102347"}],"wp:attachment":[{"href":"http:\/\/www.editiondaslabor.de\/blog\/wp-json\/wp\/v2\/media?parent=102346"}],"wp:term":[{"taxonomy":"category","embeddable":true,"href":"http:\/\/www.editiondaslabor.de\/blog\/wp-json\/wp\/v2\/categories?post=102346"},{"taxonomy":"post_tag","embeddable":true,"href":"http:\/\/www.editiondaslabor.de\/blog\/wp-json\/wp\/v2\/tags?post=102346"}],"curies":[{"name":"wp","href":"https:\/\/api.w.org\/{rel}","templated":true}]}}