{"id":10232,"date":"2006-11-05T00:01:04","date_gmt":"2006-11-04T23:01:04","guid":{"rendered":"http:\/\/www.editiondaslabor.de\/blog\/?p=10232"},"modified":"2021-10-31T17:15:32","modified_gmt":"2021-10-31T16:15:32","slug":"aufzeichnungen-nach-2000-4","status":"publish","type":"post","link":"http:\/\/www.editiondaslabor.de\/blog\/2006\/11\/05\/aufzeichnungen-nach-2000-4\/","title":{"rendered":"Aufzeichnungen nach 2000 (6)"},"content":{"rendered":"<p>&nbsp;<\/p>\n<p style=\"text-align: justify;\">Vom Deutschunterricht h\u00f6re ich: Die Sch\u00fcler w\u00fcnschen die Filme zu sehen, nicht die langweiligen B\u00fccher zu lesen: <em>Die R\u00e4uber<\/em>, <em>Faust<\/em>, <em>Die Jungfrau von Orl\u00e9ans<\/em>.<\/p>\n<p style=\"text-align: center;\">***<\/p>\n<p style=\"text-align: justify;\">Schauspielerinnen und Schauspieler spielen uns nicht nur Rollen in Theaterst\u00fccken und Filmen vor, sondern auch ihr eigenes Leben. Von Jugend an, als wir nicht nur ihre Kunst, auch ihr Aussehen, ihre Sch\u00f6nheit bewunderten, bis ins hohe Alter, wenn die Ge\u00adsichtsz\u00fcge erschlaffen, die Haare ergrauen, Forellenflecke die Handr\u00fccken \u00fcber\u00adwuchern. Wenn es ihnen schwerf\u00e4llt, die einge\u00adlernten Texte zu behal\u00adten, die Vorgaben der Souffleuse zu h\u00f6ren. Wie gut, es gibt monologi\u00adsche Einpersonenst\u00fccke \u2013 <em>Langusten<\/em>, <em>Das letzte Band<\/em> \u2013, in denen Alter und Hinf\u00e4lligkeit zur Rolle geh\u00f6\u00adren und die zu spielen die Grei\u00adsinnen und Greise sich zu dr\u00e4ngen scheinen. lm langdauernden Ap\u00adplaus der Zuschauer vermengen sich am Ende Bewunderung und Mitleid.<\/p>\n<p style=\"text-align: center;\">***<\/p>\n<p style=\"text-align: justify;\">\u00bbEr mu\u00df von der Welt genug gehabt haben; er z\u00e4hlte 76 Jahre.\u00ab Fried\u00adrich Hebbel im Tagebuch \u00fcber Ludwig Uhland, als er dessen Tod erf\u00e4hrt, am 15. November 1882.<\/p>\n<p style=\"text-align: center;\">***<\/p>\n<p style=\"text-align: justify;\">In der Stadt, wo du lebst \u2013 vier Jahrzehnte schon \u2013 gefallen dir nicht nur die Sehensw\u00fcrdigkeiten, der gotische Dom, die romani\u00adschen Kir\u00adchen, die Rheinbr\u00fccken, die Museen, die Theater usw., sondern auch die Stra\u00dfen, die du gehst, die Pl\u00e4tze, die du \u00fcber\u00adquerst, der Markt bei St. Aposteln, die kleinen L\u00e4den, die Kioske, wo du deine Eink\u00e4ufe t\u00e4tigst. Nicht zu vergessen: die B\u00e4ume im Wechsel der Jahreszeiten. Und die Ristorante und Bars, wo die italienischen Padrone und ihre Frauen dich begr\u00fc\u00dfen und bewirten.<\/p>\n<p style=\"text-align: center;\">\u00a0***<\/p>\n<p style=\"text-align: justify;\">Unterwegs in Vicenza h\u00f6re und lese ich: Palladio habe die Basilica Palladiana, die Loggia del Capitanio, den Palazzo Chiericati, den Pa\u00adlazzo Valmarana-Braga geplant und begonnen, doch nicht voll\u00adendet. Andere Architekten, deren Namen wir immer wieder ver\u00adgessen, haben sie weitergebaut nach seinem Tod. Palladio sah seine Bauten, vor denen wir heute stehen und staunen, als Vision voraus.<\/p>\n<p>&nbsp;<\/p>\n<p style=\"text-align: center;\">***<\/p>\n<div id=\"attachment_8680\" style=\"width: 283px\" class=\"wp-caption alignleft\"><img loading=\"lazy\" decoding=\"async\" aria-describedby=\"caption-attachment-8680\" class=\"wp-image-8680 size-medium\" src=\"http:\/\/www.editiondaslabor.de\/blog\/wp-content\/uploads\/2012\/10\/Hans-Bender-273x300.jpeg\" alt=\"\" width=\"273\" height=\"300\" srcset=\"http:\/\/www.editiondaslabor.de\/blog\/wp-content\/uploads\/2012\/10\/Hans-Bender-273x300.jpeg 273w, http:\/\/www.editiondaslabor.de\/blog\/wp-content\/uploads\/2012\/10\/Hans-Bender-932x1024.jpeg 932w\" sizes=\"auto, (max-width: 273px) 100vw, 273px\" \/><p id=\"caption-attachment-8680\" class=\"wp-caption-text\">Hans Bender<\/p><\/div>\n<p style=\"text-align: justify;\">\u2192 In loser Folge bringt <em>KUNO<\/em> s\u00e4mtliche nach 2000 entstandenen Aufzeichnungen Hans Benders (*1919), die erstmals in <em><strong><a href=\"http:\/\/www.editiondaslabor.de\/blog\/?p=7367\">Matrix 29. Jeder auf seine Art f\u00fcr Hans Bender<\/a><\/strong><\/em> ver\u00f6ffentlicht werden.<\/p>\n<p style=\"text-align: justify;\"><strong>Weiterf\u00fchrend\u00a0\u2192 <\/strong>ein Essay \u00fcber die neue Literaturgattung <a href=\"http:\/\/www.editiondaslabor.de\/blog\/?p=22423\"><em>Twitteratur.<\/em><\/a><\/p>\n<p style=\"text-align: justify;\">\n","protected":false},"excerpt":{"rendered":"<p>&nbsp; Vom Deutschunterricht h\u00f6re ich: Die Sch\u00fcler w\u00fcnschen die Filme zu sehen, nicht die langweiligen B\u00fccher zu lesen: Die R\u00e4uber, Faust, Die Jungfrau von Orl\u00e9ans. *** Schauspielerinnen und Schauspieler spielen uns nicht nur Rollen in Theaterst\u00fccken und Filmen vor, sondern&hellip;<\/p>\n<p class=\"more-link-p\"><a class=\"more-link\" href=\"http:\/\/www.editiondaslabor.de\/blog\/2006\/11\/05\/aufzeichnungen-nach-2000-4\/\">Read more &rarr;<\/a><\/p>\n","protected":false},"author":50,"featured_media":8680,"comment_status":"open","ping_status":"open","sticky":false,"template":"","format":"standard","meta":{"footnotes":""},"categories":[1],"tags":[1032,258,1033,1034],"class_list":["post-10232","post","type-post","status-publish","format-standard","has-post-thumbnail","hentry","category-literatur","tag-friedrich-hebbel","tag-hans-bender","tag-ludwig-uhland","tag-palladio"],"_links":{"self":[{"href":"http:\/\/www.editiondaslabor.de\/blog\/wp-json\/wp\/v2\/posts\/10232","targetHints":{"allow":["GET"]}}],"collection":[{"href":"http:\/\/www.editiondaslabor.de\/blog\/wp-json\/wp\/v2\/posts"}],"about":[{"href":"http:\/\/www.editiondaslabor.de\/blog\/wp-json\/wp\/v2\/types\/post"}],"author":[{"embeddable":true,"href":"http:\/\/www.editiondaslabor.de\/blog\/wp-json\/wp\/v2\/users\/50"}],"replies":[{"embeddable":true,"href":"http:\/\/www.editiondaslabor.de\/blog\/wp-json\/wp\/v2\/comments?post=10232"}],"version-history":[{"count":0,"href":"http:\/\/www.editiondaslabor.de\/blog\/wp-json\/wp\/v2\/posts\/10232\/revisions"}],"wp:featuredmedia":[{"embeddable":true,"href":"http:\/\/www.editiondaslabor.de\/blog\/wp-json\/"}],"wp:attachment":[{"href":"http:\/\/www.editiondaslabor.de\/blog\/wp-json\/wp\/v2\/media?parent=10232"}],"wp:term":[{"taxonomy":"category","embeddable":true,"href":"http:\/\/www.editiondaslabor.de\/blog\/wp-json\/wp\/v2\/categories?post=10232"},{"taxonomy":"post_tag","embeddable":true,"href":"http:\/\/www.editiondaslabor.de\/blog\/wp-json\/wp\/v2\/tags?post=10232"}],"curies":[{"name":"wp","href":"https:\/\/api.w.org\/{rel}","templated":true}]}}