{"id":101468,"date":"2008-06-26T16:57:15","date_gmt":"2008-06-26T14:57:15","guid":{"rendered":"http:\/\/www.editiondaslabor.de\/blog\/?p=101468"},"modified":"2022-03-03T16:59:20","modified_gmt":"2022-03-03T15:59:20","slug":"die-klassik-und-die-aesthetik","status":"publish","type":"post","link":"http:\/\/www.editiondaslabor.de\/blog\/2008\/06\/26\/die-klassik-und-die-aesthetik\/","title":{"rendered":"Die Klassik und die \u00c4sthetik"},"content":{"rendered":"<p>&nbsp;<\/p>\n<p style=\"text-align: justify;\">Die mythologischen Dichtungen m\u00fcssen als eine Sprache der Phantasie betrachtet werden: Als eine solche genommen, machen sie gleichsam eine Welt f\u00fcr sich aus, und sind aus dem Zusammenhange der wirklichen Dinge herausgehoben.<\/p>\n<p>&nbsp;<\/p>\n<p>&nbsp;<\/p>\n<p style=\"text-align: justify;\">\n<div id=\"attachment_16243\" style=\"width: 230px\" class=\"wp-caption alignleft\"><a href=\"http:\/\/www.editiondaslabor.de\/blog\/wp-content\/uploads\/2013\/06\/Karl-Philipp-Moritz-Gema\u0308lde-von-Karl-Franz-Jacob-Heinrich-Schumann-1791-Gleimhaus-Halberstadt.jpg\"><img loading=\"lazy\" decoding=\"async\" aria-describedby=\"caption-attachment-16243\" class=\"size-full wp-image-16243\" src=\"http:\/\/www.editiondaslabor.de\/blog\/wp-content\/uploads\/2013\/06\/Karl-Philipp-Moritz-Gema\u0308lde-von-Karl-Franz-Jacob-Heinrich-Schumann-1791-Gleimhaus-Halberstadt.jpg\" alt=\"\" width=\"220\" height=\"263\" \/><\/a><p id=\"caption-attachment-16243\" class=\"wp-caption-text\">Karl Philipp Moritz, Gema\u0308lde von Karl Franz Jacob Heinrich Schumann, 1791, Gleimhaus Halberstadt<\/p><\/div>\n<p style=\"text-align: justify;\">Bestand die Modernit\u00e4t des Aphorismus bisher in der Operativit\u00e4t, so entspricht diese literarische Form im Zeitalter der technischen Reproduzierbarkeit der Denkgenauigkeit der Sp\u00e4tmoderne. Es ist <em>Twitteratur<\/em>.<\/p>\n<p style=\"text-align: justify;\"><strong>Weiterf\u00fchrend\u00a0\u2192 <\/strong>ein Essay \u00fcber die neue Literaturgattung <a href=\"http:\/\/www.editiondaslabor.de\/blog\/?p=22423\"><em>Twitteratur<\/em><\/a>.<\/p>\n<p style=\"text-align: justify;\"><strong>Twitteratur<\/strong>, eine Anthologie. Erweiterte Taschenbuchausgabe mit der Dokumentation des Hungertuchpreises. Herausgegeben von Matthias Hagedorn, Edition Das Labor 2019.<\/p>\n<p style=\"text-align: justify;\"><strong>\u2192<\/strong>\u00a0Einen Essay von Jutta Ludwig \u00fcber Karl Philipp Moritz finden Sie <a href=\"http:\/\/www.editiondaslabor.de\/blog\/1993\/06\/26\/karl-philipp-moritz\/\">hier<\/a>.<\/p>\n","protected":false},"excerpt":{"rendered":"<p>&nbsp; Die mythologischen Dichtungen m\u00fcssen als eine Sprache der Phantasie betrachtet werden: Als eine solche genommen, machen sie gleichsam eine Welt f\u00fcr sich aus, und sind aus dem Zusammenhange der wirklichen Dinge herausgehoben. &nbsp; &nbsp; Bestand die Modernit\u00e4t des Aphorismus&hellip;<\/p>\n<p class=\"more-link-p\"><a class=\"more-link\" href=\"http:\/\/www.editiondaslabor.de\/blog\/2008\/06\/26\/die-klassik-und-die-aesthetik\/\">Read more &rarr;<\/a><\/p>\n","protected":false},"author":74,"featured_media":100409,"comment_status":"closed","ping_status":"closed","sticky":false,"template":"","format":"standard","meta":{"footnotes":""},"categories":[1],"tags":[1086],"class_list":["post-101468","post","type-post","status-publish","format-standard","has-post-thumbnail","hentry","category-literatur","tag-karl-philipp-moritz"],"_links":{"self":[{"href":"http:\/\/www.editiondaslabor.de\/blog\/wp-json\/wp\/v2\/posts\/101468","targetHints":{"allow":["GET"]}}],"collection":[{"href":"http:\/\/www.editiondaslabor.de\/blog\/wp-json\/wp\/v2\/posts"}],"about":[{"href":"http:\/\/www.editiondaslabor.de\/blog\/wp-json\/wp\/v2\/types\/post"}],"author":[{"embeddable":true,"href":"http:\/\/www.editiondaslabor.de\/blog\/wp-json\/wp\/v2\/users\/74"}],"replies":[{"embeddable":true,"href":"http:\/\/www.editiondaslabor.de\/blog\/wp-json\/wp\/v2\/comments?post=101468"}],"version-history":[{"count":1,"href":"http:\/\/www.editiondaslabor.de\/blog\/wp-json\/wp\/v2\/posts\/101468\/revisions"}],"predecessor-version":[{"id":101469,"href":"http:\/\/www.editiondaslabor.de\/blog\/wp-json\/wp\/v2\/posts\/101468\/revisions\/101469"}],"wp:featuredmedia":[{"embeddable":true,"href":"http:\/\/www.editiondaslabor.de\/blog\/wp-json\/wp\/v2\/media\/100409"}],"wp:attachment":[{"href":"http:\/\/www.editiondaslabor.de\/blog\/wp-json\/wp\/v2\/media?parent=101468"}],"wp:term":[{"taxonomy":"category","embeddable":true,"href":"http:\/\/www.editiondaslabor.de\/blog\/wp-json\/wp\/v2\/categories?post=101468"},{"taxonomy":"post_tag","embeddable":true,"href":"http:\/\/www.editiondaslabor.de\/blog\/wp-json\/wp\/v2\/tags?post=101468"}],"curies":[{"name":"wp","href":"https:\/\/api.w.org\/{rel}","templated":true}]}}